{"id":3103,"date":"2019-10-09T16:25:07","date_gmt":"2019-10-09T16:25:07","guid":{"rendered":"https:\/\/www.san-damian.com\/fruit-spreads-the-taste-of-the-present\/"},"modified":"2026-02-17T09:47:05","modified_gmt":"2026-02-17T09:47:05","slug":"le-composte-la-maturita-del-presente","status":"publish","type":"post","link":"https:\/\/www.san-damian.com\/it\/le-composte-la-maturita-del-presente\/","title":{"rendered":"Le composte \u2013 La maturit\u00e0 del presente"},"content":{"rendered":"\t\t<div data-elementor-type=\"wp-post\" data-elementor-id=\"3103\" class=\"elementor elementor-3103 elementor-2190\">\n\t\t\t\t\t\t<section class=\"elementor-section elementor-top-section elementor-element elementor-element-bfa7a41 elementor-section-boxed elementor-section-height-default elementor-section-height-default\" data-id=\"bfa7a41\" data-element_type=\"section\" data-e-type=\"section\" data-settings=\"{&quot;hoteller_ext_is_background_parallax&quot;:&quot;false&quot;,&quot;hoteller_ext_is_background_backdrop&quot;:&quot;false&quot;,&quot;hoteller_ext_is_background_on_scroll&quot;:&quot;false&quot;}\">\n\t\t\t\t\t\t<div class=\"elementor-container elementor-column-gap-default\">\n\t\t\t\t\t<div class=\"elementor-column elementor-col-100 elementor-top-column elementor-element elementor-element-afa5b73\" data-id=\"afa5b73\" data-element_type=\"column\" data-e-type=\"column\" data-settings=\"{&quot;hoteller_ext_link_sidemenu&quot;:&quot;false&quot;,&quot;hoteller_ext_link_fullmenu&quot;:&quot;false&quot;,&quot;hoteller_ext_link_closed_fullmenu&quot;:&quot;false&quot;,&quot;hoteller_ext_is_scrollme&quot;:&quot;false&quot;,&quot;hoteller_ext_is_smoove&quot;:&quot;false&quot;,&quot;hoteller_ext_is_parallax_mouse&quot;:&quot;false&quot;,&quot;hoteller_ext_is_infinite&quot;:&quot;false&quot;,&quot;hoteller_ext_is_fadeout_animation&quot;:&quot;false&quot;,&quot;hoteller_ext_mobile_static&quot;:&quot;false&quot;}\">\n\t\t\t<div class=\"elementor-widget-wrap elementor-element-populated\">\n\t\t\t\t\t\t<div class=\"elementor-element elementor-element-f2c9b84 elementor-widget elementor-widget-heading\" data-id=\"f2c9b84\" data-element_type=\"widget\" data-e-type=\"widget\" data-settings=\"{&quot;hoteller_ext_link_sidemenu&quot;:&quot;false&quot;,&quot;hoteller_ext_link_fullmenu&quot;:&quot;false&quot;,&quot;hoteller_ext_link_closed_fullmenu&quot;:&quot;false&quot;,&quot;hoteller_ext_is_scrollme&quot;:&quot;false&quot;,&quot;hoteller_ext_is_smoove&quot;:&quot;false&quot;,&quot;hoteller_ext_is_parallax_mouse&quot;:&quot;false&quot;,&quot;hoteller_ext_is_infinite&quot;:&quot;false&quot;,&quot;hoteller_ext_is_fadeout_animation&quot;:&quot;false&quot;,&quot;hoteller_ext_mobile_static&quot;:&quot;false&quot;}\" data-widget_type=\"heading.default\">\n\t\t\t\t<div class=\"elementor-widget-container\">\n\t\t\t\t\t<h2 class=\"elementor-heading-title elementor-size-default\">Le composte \u2013 La maturit\u00e0 del presente<\/h2>\t\t\t\t<\/div>\n\t\t\t\t<\/div>\n\t\t\t\t<div class=\"elementor-element elementor-element-1607f03 elementor-widget elementor-widget-text-editor\" data-id=\"1607f03\" data-element_type=\"widget\" data-e-type=\"widget\" data-settings=\"{&quot;hoteller_ext_link_sidemenu&quot;:&quot;false&quot;,&quot;hoteller_ext_link_fullmenu&quot;:&quot;false&quot;,&quot;hoteller_ext_link_closed_fullmenu&quot;:&quot;false&quot;,&quot;hoteller_ext_is_scrollme&quot;:&quot;false&quot;,&quot;hoteller_ext_is_smoove&quot;:&quot;false&quot;,&quot;hoteller_ext_is_parallax_mouse&quot;:&quot;false&quot;,&quot;hoteller_ext_is_infinite&quot;:&quot;false&quot;,&quot;hoteller_ext_is_fadeout_animation&quot;:&quot;false&quot;,&quot;hoteller_ext_mobile_static&quot;:&quot;false&quot;}\" data-widget_type=\"text-editor.default\">\n\t\t\t\t<div class=\"elementor-widget-container\">\n\t\t\t\t\t\t\t\t\t<p>Le more di gelso rosse e bianche da maggio fino all\u2019estate inoltrata, le ciliegie e le amarene a giugno, le ramassin a luglio, i fichi e l\u2019uva fragola ad agosto e settembre, i cachi quando esplode l\u2019autunno. Ecco alcuni dei frutti di stagione che riempiono i nostri giardini e farciscono le vostre prime colazioni a San Damian: i risvegli qui condensano il sapore ciclico di variet\u00e0 che hanno viaggiato i continenti per impiantarsi in Liguria. Il gusto dolce e antico delle ramassin arriva dal mondo arabo, qui diffuso grazie ai monaci benedettini. Le more di gelso provengono dall\u2019Asia, in Liguria ampiamente utilizzate per la produzione dei bachi da seta. Mentre i fichi con la loro carnosit\u00e0 afrodisiaca, tanto decantata dai Romani, giunsero dal Medioriente. <\/p><p>Alla frutta accostiamo noci, mandorle e nocciole, yogurt e latte, cannella e carote, farine integrali, farine di farro e amalgama del tutto l\u2019olio di taggiasca di nostra produzione. Torte e crostate sono impastate mattina dopo mattina, permettendoci di dedicare una particolare cura alle intolleranze alimentari e offrendovi la possibilit\u00e0 di scegliere gli impasti secondo le vostre esigenze.<\/p>\t\t\t\t\t\t\t\t<\/div>\n\t\t\t\t<\/div>\n\t\t\t\t<div class=\"elementor-element elementor-element-d5dff14 elementor-widget elementor-widget-image\" data-id=\"d5dff14\" data-element_type=\"widget\" data-e-type=\"widget\" data-settings=\"{&quot;hoteller_image_is_animation&quot;:&quot;false&quot;,&quot;hoteller_ext_link_sidemenu&quot;:&quot;false&quot;,&quot;hoteller_ext_link_fullmenu&quot;:&quot;false&quot;,&quot;hoteller_ext_link_closed_fullmenu&quot;:&quot;false&quot;,&quot;hoteller_ext_is_scrollme&quot;:&quot;false&quot;,&quot;hoteller_ext_is_smoove&quot;:&quot;false&quot;,&quot;hoteller_ext_is_parallax_mouse&quot;:&quot;false&quot;,&quot;hoteller_ext_is_infinite&quot;:&quot;false&quot;,&quot;hoteller_ext_is_fadeout_animation&quot;:&quot;false&quot;,&quot;hoteller_ext_mobile_static&quot;:&quot;false&quot;}\" data-widget_type=\"image.default\">\n\t\t\t\t<div class=\"elementor-widget-container\">\n\t\t\t\t\t\t\t\t\t\t\t\t\t\t\t<img fetchpriority=\"high\" decoding=\"async\" width=\"1800\" height=\"1400\" src=\"https:\/\/www.san-damian.com\/wp-content\/uploads\/2019\/10\/Relais-San-Damian-in-Liguria-Italia-composte-in-1024x1536-1.jpg\" class=\"attachment-full size-full wp-image-2871\" alt=\"\" srcset=\"https:\/\/www.san-damian.com\/wp-content\/uploads\/2019\/10\/Relais-San-Damian-in-Liguria-Italia-composte-in-1024x1536-1.jpg 1800w, https:\/\/www.san-damian.com\/wp-content\/uploads\/2019\/10\/Relais-San-Damian-in-Liguria-Italia-composte-in-1024x1536-1-300x233.jpg 300w, https:\/\/www.san-damian.com\/wp-content\/uploads\/2019\/10\/Relais-San-Damian-in-Liguria-Italia-composte-in-1024x1536-1-1024x796.jpg 1024w, https:\/\/www.san-damian.com\/wp-content\/uploads\/2019\/10\/Relais-San-Damian-in-Liguria-Italia-composte-in-1024x1536-1-768x597.jpg 768w, https:\/\/www.san-damian.com\/wp-content\/uploads\/2019\/10\/Relais-San-Damian-in-Liguria-Italia-composte-in-1024x1536-1-1536x1195.jpg 1536w, https:\/\/www.san-damian.com\/wp-content\/uploads\/2019\/10\/Relais-San-Damian-in-Liguria-Italia-composte-in-1024x1536-1-440x342.jpg 440w, https:\/\/www.san-damian.com\/wp-content\/uploads\/2019\/10\/Relais-San-Damian-in-Liguria-Italia-composte-in-1024x1536-1-600x467.jpg 600w\" sizes=\"(max-width: 1800px) 100vw, 1800px\" \/>\t\t\t\t\t\t\t\t\t\t\t\t\t\t\t<\/div>\n\t\t\t\t<\/div>\n\t\t\t\t<div class=\"elementor-element elementor-element-4731dc6 elementor-widget elementor-widget-text-editor\" data-id=\"4731dc6\" data-element_type=\"widget\" data-e-type=\"widget\" data-settings=\"{&quot;hoteller_ext_link_sidemenu&quot;:&quot;false&quot;,&quot;hoteller_ext_link_fullmenu&quot;:&quot;false&quot;,&quot;hoteller_ext_link_closed_fullmenu&quot;:&quot;false&quot;,&quot;hoteller_ext_is_scrollme&quot;:&quot;false&quot;,&quot;hoteller_ext_is_smoove&quot;:&quot;false&quot;,&quot;hoteller_ext_is_parallax_mouse&quot;:&quot;false&quot;,&quot;hoteller_ext_is_infinite&quot;:&quot;false&quot;,&quot;hoteller_ext_is_fadeout_animation&quot;:&quot;false&quot;,&quot;hoteller_ext_mobile_static&quot;:&quot;false&quot;}\" data-widget_type=\"text-editor.default\">\n\t\t\t\t<div class=\"elementor-widget-container\">\n\t\t\t\t\t\t\t\t\t<p>Le nostre piante semi-selvatiche non ricevono trattamenti e i frutti che gusterete sono trasformati con il pi\u00f9 rispettoso tra i processi di lavorazione della frutta: la composta. Questa tecnica di conservazione assicura la massima concentrazione di frutta e l\u2019assenza di additivi, di cui gradito pegno \u00e8 la conservazione breve e la necessit\u00e0 di assaporarla presto. Poco saccarosio, bollitura veloce, a voi il sapore della frutta matura che ha in s\u00e9 tutto lo zucchero necessario per donarsi nella sua dolcezza originaria, senza nulla aggiungere: per noi la composta sintetizza la scelta di fornirvi il gusto del tempo presente.<\/p><p>Take your time significa anche questo: scegliere conservazioni brevi che rispettino la ciclicit\u00e0 del frutteto, impastare ogni giorno il necessario per la colazione e condire le vostre mattine di sapori freschi. Ecco il segreto con cui riempiamo i ciambelloni e la magia di cui guarniamo le crostate, con l\u2019invito a concedersi la perfezione di ci\u00f2 che \u00e8 maturo nel tempo presente.<\/p>\t\t\t\t\t\t\t\t<\/div>\n\t\t\t\t<\/div>\n\t\t\t\t<div class=\"elementor-element elementor-element-e038203 elementor-widget elementor-widget-button\" data-id=\"e038203\" data-element_type=\"widget\" data-e-type=\"widget\" data-settings=\"{&quot;hoteller_ext_link_sidemenu&quot;:&quot;false&quot;,&quot;hoteller_ext_link_fullmenu&quot;:&quot;false&quot;,&quot;hoteller_ext_link_closed_fullmenu&quot;:&quot;false&quot;,&quot;hoteller_ext_is_scrollme&quot;:&quot;false&quot;,&quot;hoteller_ext_is_smoove&quot;:&quot;false&quot;,&quot;hoteller_ext_is_parallax_mouse&quot;:&quot;false&quot;,&quot;hoteller_ext_is_infinite&quot;:&quot;false&quot;,&quot;hoteller_ext_is_fadeout_animation&quot;:&quot;false&quot;,&quot;hoteller_ext_mobile_static&quot;:&quot;false&quot;}\" data-widget_type=\"button.default\">\n\t\t\t\t<div class=\"elementor-widget-container\">\n\t\t\t\t\t\t\t\t\t<div class=\"elementor-button-wrapper\">\n\t\t\t\t\t<a class=\"elementor-button elementor-button-link elementor-size-md\" href=\"\/storie\/\">\n\t\t\t\t\t\t<span class=\"elementor-button-content-wrapper\">\n\t\t\t\t\t\t\t\t\t<span class=\"elementor-button-text\">All stories<\/span>\n\t\t\t\t\t<\/span>\n\t\t\t\t\t<\/a>\n\t\t\t\t<\/div>\n\t\t\t\t\t\t\t\t<\/div>\n\t\t\t\t<\/div>\n\t\t\t\t\t<\/div>\n\t\t<\/div>\n\t\t\t\t\t<\/div>\n\t\t<\/section>\n\t\t\t\t<\/div>\n\t\t","protected":false},"excerpt":{"rendered":"<p>Privi di pesticidi, i frutti del nostro orto vengono trasformati in deliziose creme spalmabili a basso contenuto di zucchero.<\/p>\n","protected":false},"author":2,"featured_media":6991,"comment_status":"closed","ping_status":"closed","sticky":false,"template":"","format":"standard","meta":{"footnotes":""},"categories":[44,65],"tags":[],"class_list":["post-3103","post","type-post","status-publish","format-standard","has-post-thumbnail","hentry","category-san-dalian","category-san-dalian-it"],"yoast_head":"<!-- This site is optimized with the Yoast SEO plugin v27.0 - https:\/\/yoast.com\/product\/yoast-seo-wordpress\/ -->\n<title>Le composte \u2013 La maturit\u00e0 del presente | Our Stories - San Damian<\/title>\n<meta name=\"description\" content=\"Privi di pesticidi, i frutti del nostro orto vengono trasformati in deliziose creme spalmabili a basso contenuto di zucchero.\" \/>\n<meta name=\"robots\" content=\"index, follow, max-snippet:-1, max-image-preview:large, max-video-preview:-1\" \/>\n<link rel=\"canonical\" href=\"https:\/\/www.san-damian.com\/it\/le-composte-la-maturita-del-presente\/\" \/>\n<meta property=\"og:locale\" content=\"it_IT\" \/>\n<meta property=\"og:type\" content=\"article\" \/>\n<meta property=\"og:title\" content=\"Le composte \u2013 La maturit\u00e0 del presente | Our Stories - San Damian\" \/>\n<meta property=\"og:description\" content=\"Privi di pesticidi, i frutti del nostro orto vengono trasformati in deliziose creme spalmabili a basso contenuto di zucchero.\" \/>\n<meta property=\"og:url\" content=\"https:\/\/www.san-damian.com\/it\/le-composte-la-maturita-del-presente\/\" \/>\n<meta property=\"og:site_name\" content=\"San Damian\" \/>\n<meta property=\"article:published_time\" content=\"2019-10-09T16:25:07+00:00\" \/>\n<meta property=\"article:modified_time\" content=\"2026-02-17T09:47:05+00:00\" \/>\n<meta property=\"og:image\" content=\"https:\/\/www.san-damian.com\/wp-content\/uploads\/2019\/10\/image00001.jpeg\" \/>\n\t<meta property=\"og:image:width\" content=\"1800\" \/>\n\t<meta property=\"og:image:height\" content=\"1100\" \/>\n\t<meta property=\"og:image:type\" content=\"image\/jpeg\" \/>\n<meta name=\"author\" content=\"admin.san-damian.1\" \/>\n<meta name=\"twitter:card\" content=\"summary_large_image\" \/>\n<meta name=\"twitter:label1\" content=\"Scritto da\" \/>\n\t<meta name=\"twitter:data1\" content=\"admin.san-damian.1\" \/>\n\t<meta name=\"twitter:label2\" content=\"Tempo di lettura stimato\" \/>\n\t<meta name=\"twitter:data2\" content=\"2 minuti\" \/>\n<script type=\"application\/ld+json\" class=\"yoast-schema-graph\">{\"@context\":\"https:\/\/schema.org\",\"@graph\":[{\"@type\":\"Article\",\"@id\":\"https:\/\/www.san-damian.com\/it\/le-composte-la-maturita-del-presente\/#article\",\"isPartOf\":{\"@id\":\"https:\/\/www.san-damian.com\/it\/le-composte-la-maturita-del-presente\/\"},\"author\":{\"name\":\"admin.san-damian.1\",\"@id\":\"https:\/\/www.san-damian.com\/it\/#\/schema\/person\/2f5b8e600a360f682ecd5ffdc2049022\"},\"headline\":\"Le composte \u2013 La maturit\u00e0 del presente\",\"datePublished\":\"2019-10-09T16:25:07+00:00\",\"dateModified\":\"2026-02-17T09:47:05+00:00\",\"mainEntityOfPage\":{\"@id\":\"https:\/\/www.san-damian.com\/it\/le-composte-la-maturita-del-presente\/\"},\"wordCount\":358,\"image\":{\"@id\":\"https:\/\/www.san-damian.com\/it\/le-composte-la-maturita-del-presente\/#primaryimage\"},\"thumbnailUrl\":\"https:\/\/www.san-damian.com\/wp-content\/uploads\/2019\/10\/image00001.jpeg\",\"articleSection\":[\"San Damian\",\"San Damian\"],\"inLanguage\":\"it-IT\"},{\"@type\":\"WebPage\",\"@id\":\"https:\/\/www.san-damian.com\/it\/le-composte-la-maturita-del-presente\/\",\"url\":\"https:\/\/www.san-damian.com\/it\/le-composte-la-maturita-del-presente\/\",\"name\":\"Le composte \u2013 La maturit\u00e0 del presente | Our Stories - San Damian\",\"isPartOf\":{\"@id\":\"https:\/\/www.san-damian.com\/it\/#website\"},\"primaryImageOfPage\":{\"@id\":\"https:\/\/www.san-damian.com\/it\/le-composte-la-maturita-del-presente\/#primaryimage\"},\"image\":{\"@id\":\"https:\/\/www.san-damian.com\/it\/le-composte-la-maturita-del-presente\/#primaryimage\"},\"thumbnailUrl\":\"https:\/\/www.san-damian.com\/wp-content\/uploads\/2019\/10\/image00001.jpeg\",\"datePublished\":\"2019-10-09T16:25:07+00:00\",\"dateModified\":\"2026-02-17T09:47:05+00:00\",\"author\":{\"@id\":\"https:\/\/www.san-damian.com\/it\/#\/schema\/person\/2f5b8e600a360f682ecd5ffdc2049022\"},\"description\":\"Privi di pesticidi, i frutti del nostro orto vengono trasformati in deliziose creme spalmabili a basso contenuto di zucchero.\",\"breadcrumb\":{\"@id\":\"https:\/\/www.san-damian.com\/it\/le-composte-la-maturita-del-presente\/#breadcrumb\"},\"inLanguage\":\"it-IT\",\"potentialAction\":[{\"@type\":\"ReadAction\",\"target\":[\"https:\/\/www.san-damian.com\/it\/le-composte-la-maturita-del-presente\/\"]}]},{\"@type\":\"ImageObject\",\"inLanguage\":\"it-IT\",\"@id\":\"https:\/\/www.san-damian.com\/it\/le-composte-la-maturita-del-presente\/#primaryimage\",\"url\":\"https:\/\/www.san-damian.com\/wp-content\/uploads\/2019\/10\/image00001.jpeg\",\"contentUrl\":\"https:\/\/www.san-damian.com\/wp-content\/uploads\/2019\/10\/image00001.jpeg\",\"width\":1800,\"height\":1100},{\"@type\":\"BreadcrumbList\",\"@id\":\"https:\/\/www.san-damian.com\/it\/le-composte-la-maturita-del-presente\/#breadcrumb\",\"itemListElement\":[{\"@type\":\"ListItem\",\"position\":1,\"name\":\"Home\",\"item\":\"https:\/\/www.san-damian.com\/it\/\"},{\"@type\":\"ListItem\",\"position\":2,\"name\":\"Le composte \u2013 La maturit\u00e0 del presente\"}]},{\"@type\":\"WebSite\",\"@id\":\"https:\/\/www.san-damian.com\/it\/#website\",\"url\":\"https:\/\/www.san-damian.com\/it\/\",\"name\":\"San Damian\",\"description\":\"\",\"potentialAction\":[{\"@type\":\"SearchAction\",\"target\":{\"@type\":\"EntryPoint\",\"urlTemplate\":\"https:\/\/www.san-damian.com\/it\/?s={search_term_string}\"},\"query-input\":{\"@type\":\"PropertyValueSpecification\",\"valueRequired\":true,\"valueName\":\"search_term_string\"}}],\"inLanguage\":\"it-IT\"},{\"@type\":\"Person\",\"@id\":\"https:\/\/www.san-damian.com\/it\/#\/schema\/person\/2f5b8e600a360f682ecd5ffdc2049022\",\"name\":\"admin.san-damian.1\",\"image\":{\"@type\":\"ImageObject\",\"inLanguage\":\"it-IT\",\"@id\":\"https:\/\/www.san-damian.com\/it\/#\/schema\/person\/image\/\",\"url\":\"https:\/\/secure.gravatar.com\/avatar\/499c3008c9e56445256487f6dfe00a362c4fd9911690861603900e97da385fff?s=96&d=mm&r=g\",\"contentUrl\":\"https:\/\/secure.gravatar.com\/avatar\/499c3008c9e56445256487f6dfe00a362c4fd9911690861603900e97da385fff?s=96&d=mm&r=g\",\"caption\":\"admin.san-damian.1\"},\"url\":\"https:\/\/www.san-damian.com\/it\/author\/admin-san-damian-1\/\"}]}<\/script>\n<!-- \/ Yoast SEO plugin. -->","yoast_head_json":{"title":"Le composte \u2013 La maturit\u00e0 del presente | Our Stories - San Damian","description":"Privi di pesticidi, i frutti del nostro orto vengono trasformati in deliziose creme spalmabili a basso contenuto di zucchero.","robots":{"index":"index","follow":"follow","max-snippet":"max-snippet:-1","max-image-preview":"max-image-preview:large","max-video-preview":"max-video-preview:-1"},"canonical":"https:\/\/www.san-damian.com\/it\/le-composte-la-maturita-del-presente\/","og_locale":"it_IT","og_type":"article","og_title":"Le composte \u2013 La maturit\u00e0 del presente | Our Stories - San Damian","og_description":"Privi di pesticidi, i frutti del nostro orto vengono trasformati in deliziose creme spalmabili a basso contenuto di zucchero.","og_url":"https:\/\/www.san-damian.com\/it\/le-composte-la-maturita-del-presente\/","og_site_name":"San Damian","article_published_time":"2019-10-09T16:25:07+00:00","article_modified_time":"2026-02-17T09:47:05+00:00","og_image":[{"width":1800,"height":1100,"url":"https:\/\/www.san-damian.com\/wp-content\/uploads\/2019\/10\/image00001.jpeg","type":"image\/jpeg"}],"author":"admin.san-damian.1","twitter_card":"summary_large_image","twitter_misc":{"Scritto da":"admin.san-damian.1","Tempo di lettura stimato":"2 minuti"},"schema":{"@context":"https:\/\/schema.org","@graph":[{"@type":"Article","@id":"https:\/\/www.san-damian.com\/it\/le-composte-la-maturita-del-presente\/#article","isPartOf":{"@id":"https:\/\/www.san-damian.com\/it\/le-composte-la-maturita-del-presente\/"},"author":{"name":"admin.san-damian.1","@id":"https:\/\/www.san-damian.com\/it\/#\/schema\/person\/2f5b8e600a360f682ecd5ffdc2049022"},"headline":"Le composte \u2013 La maturit\u00e0 del presente","datePublished":"2019-10-09T16:25:07+00:00","dateModified":"2026-02-17T09:47:05+00:00","mainEntityOfPage":{"@id":"https:\/\/www.san-damian.com\/it\/le-composte-la-maturita-del-presente\/"},"wordCount":358,"image":{"@id":"https:\/\/www.san-damian.com\/it\/le-composte-la-maturita-del-presente\/#primaryimage"},"thumbnailUrl":"https:\/\/www.san-damian.com\/wp-content\/uploads\/2019\/10\/image00001.jpeg","articleSection":["San Damian","San Damian"],"inLanguage":"it-IT"},{"@type":"WebPage","@id":"https:\/\/www.san-damian.com\/it\/le-composte-la-maturita-del-presente\/","url":"https:\/\/www.san-damian.com\/it\/le-composte-la-maturita-del-presente\/","name":"Le composte \u2013 La maturit\u00e0 del presente | Our Stories - San Damian","isPartOf":{"@id":"https:\/\/www.san-damian.com\/it\/#website"},"primaryImageOfPage":{"@id":"https:\/\/www.san-damian.com\/it\/le-composte-la-maturita-del-presente\/#primaryimage"},"image":{"@id":"https:\/\/www.san-damian.com\/it\/le-composte-la-maturita-del-presente\/#primaryimage"},"thumbnailUrl":"https:\/\/www.san-damian.com\/wp-content\/uploads\/2019\/10\/image00001.jpeg","datePublished":"2019-10-09T16:25:07+00:00","dateModified":"2026-02-17T09:47:05+00:00","author":{"@id":"https:\/\/www.san-damian.com\/it\/#\/schema\/person\/2f5b8e600a360f682ecd5ffdc2049022"},"description":"Privi di pesticidi, i frutti del nostro orto vengono trasformati in deliziose creme spalmabili a basso contenuto di zucchero.","breadcrumb":{"@id":"https:\/\/www.san-damian.com\/it\/le-composte-la-maturita-del-presente\/#breadcrumb"},"inLanguage":"it-IT","potentialAction":[{"@type":"ReadAction","target":["https:\/\/www.san-damian.com\/it\/le-composte-la-maturita-del-presente\/"]}]},{"@type":"ImageObject","inLanguage":"it-IT","@id":"https:\/\/www.san-damian.com\/it\/le-composte-la-maturita-del-presente\/#primaryimage","url":"https:\/\/www.san-damian.com\/wp-content\/uploads\/2019\/10\/image00001.jpeg","contentUrl":"https:\/\/www.san-damian.com\/wp-content\/uploads\/2019\/10\/image00001.jpeg","width":1800,"height":1100},{"@type":"BreadcrumbList","@id":"https:\/\/www.san-damian.com\/it\/le-composte-la-maturita-del-presente\/#breadcrumb","itemListElement":[{"@type":"ListItem","position":1,"name":"Home","item":"https:\/\/www.san-damian.com\/it\/"},{"@type":"ListItem","position":2,"name":"Le composte \u2013 La maturit\u00e0 del presente"}]},{"@type":"WebSite","@id":"https:\/\/www.san-damian.com\/it\/#website","url":"https:\/\/www.san-damian.com\/it\/","name":"San Damian","description":"","potentialAction":[{"@type":"SearchAction","target":{"@type":"EntryPoint","urlTemplate":"https:\/\/www.san-damian.com\/it\/?s={search_term_string}"},"query-input":{"@type":"PropertyValueSpecification","valueRequired":true,"valueName":"search_term_string"}}],"inLanguage":"it-IT"},{"@type":"Person","@id":"https:\/\/www.san-damian.com\/it\/#\/schema\/person\/2f5b8e600a360f682ecd5ffdc2049022","name":"admin.san-damian.1","image":{"@type":"ImageObject","inLanguage":"it-IT","@id":"https:\/\/www.san-damian.com\/it\/#\/schema\/person\/image\/","url":"https:\/\/secure.gravatar.com\/avatar\/499c3008c9e56445256487f6dfe00a362c4fd9911690861603900e97da385fff?s=96&d=mm&r=g","contentUrl":"https:\/\/secure.gravatar.com\/avatar\/499c3008c9e56445256487f6dfe00a362c4fd9911690861603900e97da385fff?s=96&d=mm&r=g","caption":"admin.san-damian.1"},"url":"https:\/\/www.san-damian.com\/it\/author\/admin-san-damian-1\/"}]}},"_links":{"self":[{"href":"https:\/\/www.san-damian.com\/it\/wp-json\/wp\/v2\/posts\/3103","targetHints":{"allow":["GET"]}}],"collection":[{"href":"https:\/\/www.san-damian.com\/it\/wp-json\/wp\/v2\/posts"}],"about":[{"href":"https:\/\/www.san-damian.com\/it\/wp-json\/wp\/v2\/types\/post"}],"author":[{"embeddable":true,"href":"https:\/\/www.san-damian.com\/it\/wp-json\/wp\/v2\/users\/2"}],"replies":[{"embeddable":true,"href":"https:\/\/www.san-damian.com\/it\/wp-json\/wp\/v2\/comments?post=3103"}],"version-history":[{"count":6,"href":"https:\/\/www.san-damian.com\/it\/wp-json\/wp\/v2\/posts\/3103\/revisions"}],"predecessor-version":[{"id":6992,"href":"https:\/\/www.san-damian.com\/it\/wp-json\/wp\/v2\/posts\/3103\/revisions\/6992"}],"wp:featuredmedia":[{"embeddable":true,"href":"https:\/\/www.san-damian.com\/it\/wp-json\/wp\/v2\/media\/6991"}],"wp:attachment":[{"href":"https:\/\/www.san-damian.com\/it\/wp-json\/wp\/v2\/media?parent=3103"}],"wp:term":[{"taxonomy":"category","embeddable":true,"href":"https:\/\/www.san-damian.com\/it\/wp-json\/wp\/v2\/categories?post=3103"},{"taxonomy":"post_tag","embeddable":true,"href":"https:\/\/www.san-damian.com\/it\/wp-json\/wp\/v2\/tags?post=3103"}],"curies":[{"name":"wp","href":"https:\/\/api.w.org\/{rel}","templated":true}]}}