{"id":3105,"date":"2019-08-29T16:10:24","date_gmt":"2019-08-29T16:10:24","guid":{"rendered":"https:\/\/www.san-damian.com\/and-we-were-among-the-olive-trees\/"},"modified":"2023-06-11T07:40:24","modified_gmt":"2023-06-11T07:40:24","slug":"e-noi-fummo-tra-gli-ulivi","status":"publish","type":"post","link":"https:\/\/www.san-damian.com\/it\/e-noi-fummo-tra-gli-ulivi\/","title":{"rendered":"E noi fummo tra gli ulivi"},"content":{"rendered":"\t\t<div data-elementor-type=\"wp-post\" data-elementor-id=\"3105\" class=\"elementor elementor-3105 elementor-2181\">\n\t\t\t\t\t\t<section class=\"elementor-section elementor-top-section elementor-element elementor-element-bfa7a41 elementor-section-boxed elementor-section-height-default elementor-section-height-default\" data-id=\"bfa7a41\" data-element_type=\"section\" data-e-type=\"section\" data-settings=\"{&quot;hoteller_ext_is_background_parallax&quot;:&quot;false&quot;,&quot;hoteller_ext_is_background_backdrop&quot;:&quot;false&quot;,&quot;hoteller_ext_is_background_on_scroll&quot;:&quot;false&quot;}\">\n\t\t\t\t\t\t<div class=\"elementor-container elementor-column-gap-default\">\n\t\t\t\t\t<div class=\"elementor-column elementor-col-100 elementor-top-column elementor-element elementor-element-afa5b73\" data-id=\"afa5b73\" data-element_type=\"column\" data-e-type=\"column\" data-settings=\"{&quot;hoteller_ext_link_sidemenu&quot;:&quot;false&quot;,&quot;hoteller_ext_link_fullmenu&quot;:&quot;false&quot;,&quot;hoteller_ext_link_closed_fullmenu&quot;:&quot;false&quot;,&quot;hoteller_ext_is_scrollme&quot;:&quot;false&quot;,&quot;hoteller_ext_is_smoove&quot;:&quot;false&quot;,&quot;hoteller_ext_is_parallax_mouse&quot;:&quot;false&quot;,&quot;hoteller_ext_is_infinite&quot;:&quot;false&quot;,&quot;hoteller_ext_is_fadeout_animation&quot;:&quot;false&quot;,&quot;hoteller_ext_mobile_static&quot;:&quot;false&quot;}\">\n\t\t\t<div class=\"elementor-widget-wrap elementor-element-populated\">\n\t\t\t\t\t\t<div class=\"elementor-element elementor-element-f2c9b84 elementor-widget elementor-widget-heading\" data-id=\"f2c9b84\" data-element_type=\"widget\" data-e-type=\"widget\" data-settings=\"{&quot;hoteller_ext_link_sidemenu&quot;:&quot;false&quot;,&quot;hoteller_ext_link_fullmenu&quot;:&quot;false&quot;,&quot;hoteller_ext_link_closed_fullmenu&quot;:&quot;false&quot;,&quot;hoteller_ext_is_scrollme&quot;:&quot;false&quot;,&quot;hoteller_ext_is_smoove&quot;:&quot;false&quot;,&quot;hoteller_ext_is_parallax_mouse&quot;:&quot;false&quot;,&quot;hoteller_ext_is_infinite&quot;:&quot;false&quot;,&quot;hoteller_ext_is_fadeout_animation&quot;:&quot;false&quot;,&quot;hoteller_ext_mobile_static&quot;:&quot;false&quot;}\" data-widget_type=\"heading.default\">\n\t\t\t\t<div class=\"elementor-widget-container\">\n\t\t\t\t\t<h2 class=\"elementor-heading-title elementor-size-default\">E noi fummo tra gli ulivi come un popolo antico nella sua cattedrale \u2013 Giovanni Boine<\/h2>\t\t\t\t<\/div>\n\t\t\t\t<\/div>\n\t\t\t\t<div class=\"elementor-element elementor-element-1607f03 elementor-widget elementor-widget-text-editor\" data-id=\"1607f03\" data-element_type=\"widget\" data-e-type=\"widget\" data-settings=\"{&quot;hoteller_ext_link_sidemenu&quot;:&quot;false&quot;,&quot;hoteller_ext_link_fullmenu&quot;:&quot;false&quot;,&quot;hoteller_ext_link_closed_fullmenu&quot;:&quot;false&quot;,&quot;hoteller_ext_is_scrollme&quot;:&quot;false&quot;,&quot;hoteller_ext_is_smoove&quot;:&quot;false&quot;,&quot;hoteller_ext_is_parallax_mouse&quot;:&quot;false&quot;,&quot;hoteller_ext_is_infinite&quot;:&quot;false&quot;,&quot;hoteller_ext_is_fadeout_animation&quot;:&quot;false&quot;,&quot;hoteller_ext_mobile_static&quot;:&quot;false&quot;}\" data-widget_type=\"text-editor.default\">\n\t\t\t\t<div class=\"elementor-widget-container\">\n\t\t\t\t\t\t\t\t\t<p>L\u2019olio, base della dieta mediterranea, fonte di luce, farmaco, merce di scambio. <\/p><p>L\u2019ulivo, pianta sacra per antonomasia, sede di potenza, eternit\u00e0, pace e purezza. Dono di Atena agli esseri umani come il pi\u00f9 utile tra i regali, un suo rametto fu il primo segno di vita dato a No\u00e8 dopo il diluvio. E fu proprio l\u2019ulivo impiantato dai monaci a consentire la sopravvivenza nella terra arida della Liguria di Ponente. <\/p><p>Ci troviamo in provincia di Imperia, dove i frati di San Colombano a partire dal 1200 si impegnarono per sostenere la popolazione locale ridotta in miseria, innestando la cultivar della taggiasca di cui ancora oggi i contadini della zona sono i principali produttori. I monaci portarono la taggiasca e costruirono i muretti a secco, consentendo cos\u00ec il terrazzamento e l\u2019utilizzo dei terreni inerpicati e scoscesi. Perfetta sintesi della simbiosi con l\u2019ambiente, il muretto a secco, il dry stone walling, \u00e8 oggi riconosciuto Patrimonio dell\u2019umanit\u00e0 dall\u2019<a href=\"https:\/\/ich.unesco.org\/en\/RL\/art-of-dry-stone-walling-knowledge-and-techniques-01393\" target=\"_blank\" rel=\"noreferrer noopener\" aria-label=\"Unesco (si apre in una nuova scheda)\">Unesco<\/a> per il ruolo preventivo contro slavine, valanghe, erosione e desertificazione delle terre.<\/p>\t\t\t\t\t\t\t\t<\/div>\n\t\t\t\t<\/div>\n\t\t\t\t<div class=\"elementor-element elementor-element-d5dff14 elementor-widget elementor-widget-image\" data-id=\"d5dff14\" data-element_type=\"widget\" data-e-type=\"widget\" data-settings=\"{&quot;hoteller_image_is_animation&quot;:&quot;false&quot;,&quot;hoteller_ext_link_sidemenu&quot;:&quot;false&quot;,&quot;hoteller_ext_link_fullmenu&quot;:&quot;false&quot;,&quot;hoteller_ext_link_closed_fullmenu&quot;:&quot;false&quot;,&quot;hoteller_ext_is_scrollme&quot;:&quot;false&quot;,&quot;hoteller_ext_is_smoove&quot;:&quot;false&quot;,&quot;hoteller_ext_is_parallax_mouse&quot;:&quot;false&quot;,&quot;hoteller_ext_is_infinite&quot;:&quot;false&quot;,&quot;hoteller_ext_is_fadeout_animation&quot;:&quot;false&quot;,&quot;hoteller_ext_mobile_static&quot;:&quot;false&quot;}\" data-widget_type=\"image.default\">\n\t\t\t\t<div class=\"elementor-widget-container\">\n\t\t\t\t\t\t\t\t\t\t\t\t\t\t\t<img fetchpriority=\"high\" decoding=\"async\" width=\"1800\" height=\"1192\" src=\"https:\/\/www.san-damian.com\/wp-content\/uploads\/2023\/05\/SanDamian-Liguria-relais-efummotragliulivi.jpg\" class=\"attachment-full size-full wp-image-2867\" alt=\"\" srcset=\"https:\/\/www.san-damian.com\/wp-content\/uploads\/2023\/05\/SanDamian-Liguria-relais-efummotragliulivi.jpg 1800w, https:\/\/www.san-damian.com\/wp-content\/uploads\/2023\/05\/SanDamian-Liguria-relais-efummotragliulivi-300x199.jpg 300w, https:\/\/www.san-damian.com\/wp-content\/uploads\/2023\/05\/SanDamian-Liguria-relais-efummotragliulivi-1024x678.jpg 1024w, https:\/\/www.san-damian.com\/wp-content\/uploads\/2023\/05\/SanDamian-Liguria-relais-efummotragliulivi-768x509.jpg 768w, https:\/\/www.san-damian.com\/wp-content\/uploads\/2023\/05\/SanDamian-Liguria-relais-efummotragliulivi-1536x1017.jpg 1536w, https:\/\/www.san-damian.com\/wp-content\/uploads\/2023\/05\/SanDamian-Liguria-relais-efummotragliulivi-440x291.jpg 440w, https:\/\/www.san-damian.com\/wp-content\/uploads\/2023\/05\/SanDamian-Liguria-relais-efummotragliulivi-600x397.jpg 600w\" sizes=\"(max-width: 1800px) 100vw, 1800px\" \/>\t\t\t\t\t\t\t\t\t\t\t\t\t\t\t<\/div>\n\t\t\t\t<\/div>\n\t\t\t\t<div class=\"elementor-element elementor-element-4731dc6 elementor-widget elementor-widget-text-editor\" data-id=\"4731dc6\" data-element_type=\"widget\" data-e-type=\"widget\" data-settings=\"{&quot;hoteller_ext_link_sidemenu&quot;:&quot;false&quot;,&quot;hoteller_ext_link_fullmenu&quot;:&quot;false&quot;,&quot;hoteller_ext_link_closed_fullmenu&quot;:&quot;false&quot;,&quot;hoteller_ext_is_scrollme&quot;:&quot;false&quot;,&quot;hoteller_ext_is_smoove&quot;:&quot;false&quot;,&quot;hoteller_ext_is_parallax_mouse&quot;:&quot;false&quot;,&quot;hoteller_ext_is_infinite&quot;:&quot;false&quot;,&quot;hoteller_ext_is_fadeout_animation&quot;:&quot;false&quot;,&quot;hoteller_ext_mobile_static&quot;:&quot;false&quot;}\" data-widget_type=\"text-editor.default\">\n\t\t\t\t<div class=\"elementor-widget-container\">\n\t\t\t\t\t\t\t\t\t<p>L\u2019altro dono dei monaci, la taggiasca, coi suoi rami a cascata e le drupe viola intenso, \u00e8 un tipo di ulivo tenace che raggiunge altezze notevoli, fino ai 10-15 metri. \u00c8 famoso per il suo frutto di dimensioni modeste che tuttavia genera abbondanza di polpa, donando un olio extravergine estremamente pregiato e olive da mensa particolarmente aromatiche. Nell\u2019Azienda Agricola di San Damian le olive sono spremute a freddo e preservate in purezza sotto la direzione di Roberto, alla guida dei suoi 600 alberi, che tassativamente non miscela la taggiasca con altre cultivar. <\/p><p>Gli alberi di taggiasca e i muri a secco del 1200 punteggiano ancora oggi il paesaggio di San Damian. Fermano il tempo invitando l\u2019ospite ad una pausa, sospesa tra il rigoglio dell\u2019oasi e l\u2019essenzialit\u00e0 aspra del panorama. Si entra come in un\u2019evocazione, un tuffo in altro, una riserva verde e alberata lontani dal nastro turistico del litorale, in un piccolo scrigno nel mezzo della calviniana Liguria magra e ossuta.<\/p>\t\t\t\t\t\t\t\t<\/div>\n\t\t\t\t<\/div>\n\t\t\t\t<div class=\"elementor-element elementor-element-e038203 elementor-widget elementor-widget-button\" data-id=\"e038203\" data-element_type=\"widget\" data-e-type=\"widget\" data-settings=\"{&quot;hoteller_ext_link_sidemenu&quot;:&quot;false&quot;,&quot;hoteller_ext_link_fullmenu&quot;:&quot;false&quot;,&quot;hoteller_ext_link_closed_fullmenu&quot;:&quot;false&quot;,&quot;hoteller_ext_is_scrollme&quot;:&quot;false&quot;,&quot;hoteller_ext_is_smoove&quot;:&quot;false&quot;,&quot;hoteller_ext_is_parallax_mouse&quot;:&quot;false&quot;,&quot;hoteller_ext_is_infinite&quot;:&quot;false&quot;,&quot;hoteller_ext_is_fadeout_animation&quot;:&quot;false&quot;,&quot;hoteller_ext_mobile_static&quot;:&quot;false&quot;}\" data-widget_type=\"button.default\">\n\t\t\t\t<div class=\"elementor-widget-container\">\n\t\t\t\t\t\t\t\t\t<div class=\"elementor-button-wrapper\">\n\t\t\t\t\t<a class=\"elementor-button elementor-button-link elementor-size-md\" href=\"\/storie\/\">\n\t\t\t\t\t\t<span class=\"elementor-button-content-wrapper\">\n\t\t\t\t\t\t\t\t\t<span class=\"elementor-button-text\">All stories<\/span>\n\t\t\t\t\t<\/span>\n\t\t\t\t\t<\/a>\n\t\t\t\t<\/div>\n\t\t\t\t\t\t\t\t<\/div>\n\t\t\t\t<\/div>\n\t\t\t\t\t<\/div>\n\t\t<\/div>\n\t\t\t\t\t<\/div>\n\t\t<\/section>\n\t\t\t\t<\/div>\n\t\t","protected":false},"excerpt":{"rendered":"<p>Leggi la nostra ultima storia: E noi fummo tra gli ulivi come un popolo antico nella sua cattedrale \u2013 Giovanni Boine<\/p>\n","protected":false},"author":2,"featured_media":2865,"comment_status":"closed","ping_status":"closed","sticky":false,"template":"","format":"standard","meta":{"footnotes":""},"categories":[44],"tags":[],"class_list":["post-3105","post","type-post","status-publish","format-standard","has-post-thumbnail","hentry","category-san-dalian"],"yoast_head":"<!-- This site is optimized with the Yoast SEO plugin v27.0 - https:\/\/yoast.com\/product\/yoast-seo-wordpress\/ -->\n<title>E noi fummo tra gli ulivi | Our Stories - San Damian<\/title>\n<meta name=\"description\" content=\"Leggi la nostra ultima storia: E noi fummo tra gli ulivi come un popolo antico nella sua cattedrale \u2013 Giovanni Boine\" \/>\n<meta name=\"robots\" content=\"index, follow, max-snippet:-1, max-image-preview:large, max-video-preview:-1\" \/>\n<link rel=\"canonical\" href=\"https:\/\/www.san-damian.com\/it\/e-noi-fummo-tra-gli-ulivi\/\" \/>\n<meta property=\"og:locale\" content=\"it_IT\" \/>\n<meta property=\"og:type\" content=\"article\" \/>\n<meta property=\"og:title\" content=\"E noi fummo tra gli ulivi | Our Stories - San Damian\" \/>\n<meta property=\"og:description\" content=\"Leggi la nostra ultima storia: E noi fummo tra gli ulivi come un popolo antico nella sua cattedrale \u2013 Giovanni Boine\" \/>\n<meta property=\"og:url\" content=\"https:\/\/www.san-damian.com\/it\/e-noi-fummo-tra-gli-ulivi\/\" \/>\n<meta property=\"og:site_name\" content=\"San Damian\" \/>\n<meta property=\"article:published_time\" content=\"2019-08-29T16:10:24+00:00\" \/>\n<meta property=\"article:modified_time\" content=\"2023-06-11T07:40:24+00:00\" \/>\n<meta property=\"og:image\" content=\"https:\/\/www.san-damian.com\/wp-content\/uploads\/2023\/05\/Ulivi-resort-san-damian-liguria-italia-1240x822-1.jpg\" \/>\n\t<meta property=\"og:image:width\" content=\"1800\" \/>\n\t<meta property=\"og:image:height\" content=\"1100\" \/>\n\t<meta property=\"og:image:type\" content=\"image\/jpeg\" \/>\n<meta name=\"author\" content=\"admin.san-damian.1\" \/>\n<meta name=\"twitter:card\" content=\"summary_large_image\" \/>\n<meta name=\"twitter:label1\" content=\"Scritto da\" \/>\n\t<meta name=\"twitter:data1\" content=\"admin.san-damian.1\" \/>\n\t<meta name=\"twitter:label2\" content=\"Tempo di lettura stimato\" \/>\n\t<meta name=\"twitter:data2\" content=\"2 minuti\" \/>\n<script type=\"application\/ld+json\" class=\"yoast-schema-graph\">{\"@context\":\"https:\/\/schema.org\",\"@graph\":[{\"@type\":\"Article\",\"@id\":\"https:\/\/www.san-damian.com\/it\/e-noi-fummo-tra-gli-ulivi\/#article\",\"isPartOf\":{\"@id\":\"https:\/\/www.san-damian.com\/it\/e-noi-fummo-tra-gli-ulivi\/\"},\"author\":{\"name\":\"admin.san-damian.1\",\"@id\":\"https:\/\/www.san-damian.com\/it\/#\/schema\/person\/2f5b8e600a360f682ecd5ffdc2049022\"},\"headline\":\"E noi fummo tra gli ulivi\",\"datePublished\":\"2019-08-29T16:10:24+00:00\",\"dateModified\":\"2023-06-11T07:40:24+00:00\",\"mainEntityOfPage\":{\"@id\":\"https:\/\/www.san-damian.com\/it\/e-noi-fummo-tra-gli-ulivi\/\"},\"wordCount\":358,\"image\":{\"@id\":\"https:\/\/www.san-damian.com\/it\/e-noi-fummo-tra-gli-ulivi\/#primaryimage\"},\"thumbnailUrl\":\"https:\/\/www.san-damian.com\/wp-content\/uploads\/2023\/05\/Ulivi-resort-san-damian-liguria-italia-1240x822-1.jpg\",\"articleSection\":[\"San Damian\"],\"inLanguage\":\"it-IT\"},{\"@type\":\"WebPage\",\"@id\":\"https:\/\/www.san-damian.com\/it\/e-noi-fummo-tra-gli-ulivi\/\",\"url\":\"https:\/\/www.san-damian.com\/it\/e-noi-fummo-tra-gli-ulivi\/\",\"name\":\"E noi fummo tra gli ulivi | Our Stories - San Damian\",\"isPartOf\":{\"@id\":\"https:\/\/www.san-damian.com\/it\/#website\"},\"primaryImageOfPage\":{\"@id\":\"https:\/\/www.san-damian.com\/it\/e-noi-fummo-tra-gli-ulivi\/#primaryimage\"},\"image\":{\"@id\":\"https:\/\/www.san-damian.com\/it\/e-noi-fummo-tra-gli-ulivi\/#primaryimage\"},\"thumbnailUrl\":\"https:\/\/www.san-damian.com\/wp-content\/uploads\/2023\/05\/Ulivi-resort-san-damian-liguria-italia-1240x822-1.jpg\",\"datePublished\":\"2019-08-29T16:10:24+00:00\",\"dateModified\":\"2023-06-11T07:40:24+00:00\",\"author\":{\"@id\":\"https:\/\/www.san-damian.com\/it\/#\/schema\/person\/2f5b8e600a360f682ecd5ffdc2049022\"},\"description\":\"Leggi la nostra ultima storia: E noi fummo tra gli ulivi come un popolo antico nella sua cattedrale \u2013 Giovanni Boine\",\"breadcrumb\":{\"@id\":\"https:\/\/www.san-damian.com\/it\/e-noi-fummo-tra-gli-ulivi\/#breadcrumb\"},\"inLanguage\":\"it-IT\",\"potentialAction\":[{\"@type\":\"ReadAction\",\"target\":[\"https:\/\/www.san-damian.com\/it\/e-noi-fummo-tra-gli-ulivi\/\"]}]},{\"@type\":\"ImageObject\",\"inLanguage\":\"it-IT\",\"@id\":\"https:\/\/www.san-damian.com\/it\/e-noi-fummo-tra-gli-ulivi\/#primaryimage\",\"url\":\"https:\/\/www.san-damian.com\/wp-content\/uploads\/2023\/05\/Ulivi-resort-san-damian-liguria-italia-1240x822-1.jpg\",\"contentUrl\":\"https:\/\/www.san-damian.com\/wp-content\/uploads\/2023\/05\/Ulivi-resort-san-damian-liguria-italia-1240x822-1.jpg\",\"width\":1800,\"height\":1100},{\"@type\":\"BreadcrumbList\",\"@id\":\"https:\/\/www.san-damian.com\/it\/e-noi-fummo-tra-gli-ulivi\/#breadcrumb\",\"itemListElement\":[{\"@type\":\"ListItem\",\"position\":1,\"name\":\"Home\",\"item\":\"https:\/\/www.san-damian.com\/it\/\"},{\"@type\":\"ListItem\",\"position\":2,\"name\":\"E noi fummo tra gli ulivi\"}]},{\"@type\":\"WebSite\",\"@id\":\"https:\/\/www.san-damian.com\/it\/#website\",\"url\":\"https:\/\/www.san-damian.com\/it\/\",\"name\":\"San Damian\",\"description\":\"\",\"potentialAction\":[{\"@type\":\"SearchAction\",\"target\":{\"@type\":\"EntryPoint\",\"urlTemplate\":\"https:\/\/www.san-damian.com\/it\/?s={search_term_string}\"},\"query-input\":{\"@type\":\"PropertyValueSpecification\",\"valueRequired\":true,\"valueName\":\"search_term_string\"}}],\"inLanguage\":\"it-IT\"},{\"@type\":\"Person\",\"@id\":\"https:\/\/www.san-damian.com\/it\/#\/schema\/person\/2f5b8e600a360f682ecd5ffdc2049022\",\"name\":\"admin.san-damian.1\",\"image\":{\"@type\":\"ImageObject\",\"inLanguage\":\"it-IT\",\"@id\":\"https:\/\/www.san-damian.com\/it\/#\/schema\/person\/image\/\",\"url\":\"https:\/\/secure.gravatar.com\/avatar\/499c3008c9e56445256487f6dfe00a362c4fd9911690861603900e97da385fff?s=96&d=mm&r=g\",\"contentUrl\":\"https:\/\/secure.gravatar.com\/avatar\/499c3008c9e56445256487f6dfe00a362c4fd9911690861603900e97da385fff?s=96&d=mm&r=g\",\"caption\":\"admin.san-damian.1\"},\"url\":\"https:\/\/www.san-damian.com\/it\/author\/admin-san-damian-1\/\"}]}<\/script>\n<!-- \/ Yoast SEO plugin. -->","yoast_head_json":{"title":"E noi fummo tra gli ulivi | Our Stories - San Damian","description":"Leggi la nostra ultima storia: E noi fummo tra gli ulivi come un popolo antico nella sua cattedrale \u2013 Giovanni Boine","robots":{"index":"index","follow":"follow","max-snippet":"max-snippet:-1","max-image-preview":"max-image-preview:large","max-video-preview":"max-video-preview:-1"},"canonical":"https:\/\/www.san-damian.com\/it\/e-noi-fummo-tra-gli-ulivi\/","og_locale":"it_IT","og_type":"article","og_title":"E noi fummo tra gli ulivi | Our Stories - San Damian","og_description":"Leggi la nostra ultima storia: E noi fummo tra gli ulivi come un popolo antico nella sua cattedrale \u2013 Giovanni Boine","og_url":"https:\/\/www.san-damian.com\/it\/e-noi-fummo-tra-gli-ulivi\/","og_site_name":"San Damian","article_published_time":"2019-08-29T16:10:24+00:00","article_modified_time":"2023-06-11T07:40:24+00:00","og_image":[{"width":1800,"height":1100,"url":"https:\/\/www.san-damian.com\/wp-content\/uploads\/2023\/05\/Ulivi-resort-san-damian-liguria-italia-1240x822-1.jpg","type":"image\/jpeg"}],"author":"admin.san-damian.1","twitter_card":"summary_large_image","twitter_misc":{"Scritto da":"admin.san-damian.1","Tempo di lettura stimato":"2 minuti"},"schema":{"@context":"https:\/\/schema.org","@graph":[{"@type":"Article","@id":"https:\/\/www.san-damian.com\/it\/e-noi-fummo-tra-gli-ulivi\/#article","isPartOf":{"@id":"https:\/\/www.san-damian.com\/it\/e-noi-fummo-tra-gli-ulivi\/"},"author":{"name":"admin.san-damian.1","@id":"https:\/\/www.san-damian.com\/it\/#\/schema\/person\/2f5b8e600a360f682ecd5ffdc2049022"},"headline":"E noi fummo tra gli ulivi","datePublished":"2019-08-29T16:10:24+00:00","dateModified":"2023-06-11T07:40:24+00:00","mainEntityOfPage":{"@id":"https:\/\/www.san-damian.com\/it\/e-noi-fummo-tra-gli-ulivi\/"},"wordCount":358,"image":{"@id":"https:\/\/www.san-damian.com\/it\/e-noi-fummo-tra-gli-ulivi\/#primaryimage"},"thumbnailUrl":"https:\/\/www.san-damian.com\/wp-content\/uploads\/2023\/05\/Ulivi-resort-san-damian-liguria-italia-1240x822-1.jpg","articleSection":["San Damian"],"inLanguage":"it-IT"},{"@type":"WebPage","@id":"https:\/\/www.san-damian.com\/it\/e-noi-fummo-tra-gli-ulivi\/","url":"https:\/\/www.san-damian.com\/it\/e-noi-fummo-tra-gli-ulivi\/","name":"E noi fummo tra gli ulivi | Our Stories - San Damian","isPartOf":{"@id":"https:\/\/www.san-damian.com\/it\/#website"},"primaryImageOfPage":{"@id":"https:\/\/www.san-damian.com\/it\/e-noi-fummo-tra-gli-ulivi\/#primaryimage"},"image":{"@id":"https:\/\/www.san-damian.com\/it\/e-noi-fummo-tra-gli-ulivi\/#primaryimage"},"thumbnailUrl":"https:\/\/www.san-damian.com\/wp-content\/uploads\/2023\/05\/Ulivi-resort-san-damian-liguria-italia-1240x822-1.jpg","datePublished":"2019-08-29T16:10:24+00:00","dateModified":"2023-06-11T07:40:24+00:00","author":{"@id":"https:\/\/www.san-damian.com\/it\/#\/schema\/person\/2f5b8e600a360f682ecd5ffdc2049022"},"description":"Leggi la nostra ultima storia: E noi fummo tra gli ulivi come un popolo antico nella sua cattedrale \u2013 Giovanni Boine","breadcrumb":{"@id":"https:\/\/www.san-damian.com\/it\/e-noi-fummo-tra-gli-ulivi\/#breadcrumb"},"inLanguage":"it-IT","potentialAction":[{"@type":"ReadAction","target":["https:\/\/www.san-damian.com\/it\/e-noi-fummo-tra-gli-ulivi\/"]}]},{"@type":"ImageObject","inLanguage":"it-IT","@id":"https:\/\/www.san-damian.com\/it\/e-noi-fummo-tra-gli-ulivi\/#primaryimage","url":"https:\/\/www.san-damian.com\/wp-content\/uploads\/2023\/05\/Ulivi-resort-san-damian-liguria-italia-1240x822-1.jpg","contentUrl":"https:\/\/www.san-damian.com\/wp-content\/uploads\/2023\/05\/Ulivi-resort-san-damian-liguria-italia-1240x822-1.jpg","width":1800,"height":1100},{"@type":"BreadcrumbList","@id":"https:\/\/www.san-damian.com\/it\/e-noi-fummo-tra-gli-ulivi\/#breadcrumb","itemListElement":[{"@type":"ListItem","position":1,"name":"Home","item":"https:\/\/www.san-damian.com\/it\/"},{"@type":"ListItem","position":2,"name":"E noi fummo tra gli ulivi"}]},{"@type":"WebSite","@id":"https:\/\/www.san-damian.com\/it\/#website","url":"https:\/\/www.san-damian.com\/it\/","name":"San Damian","description":"","potentialAction":[{"@type":"SearchAction","target":{"@type":"EntryPoint","urlTemplate":"https:\/\/www.san-damian.com\/it\/?s={search_term_string}"},"query-input":{"@type":"PropertyValueSpecification","valueRequired":true,"valueName":"search_term_string"}}],"inLanguage":"it-IT"},{"@type":"Person","@id":"https:\/\/www.san-damian.com\/it\/#\/schema\/person\/2f5b8e600a360f682ecd5ffdc2049022","name":"admin.san-damian.1","image":{"@type":"ImageObject","inLanguage":"it-IT","@id":"https:\/\/www.san-damian.com\/it\/#\/schema\/person\/image\/","url":"https:\/\/secure.gravatar.com\/avatar\/499c3008c9e56445256487f6dfe00a362c4fd9911690861603900e97da385fff?s=96&d=mm&r=g","contentUrl":"https:\/\/secure.gravatar.com\/avatar\/499c3008c9e56445256487f6dfe00a362c4fd9911690861603900e97da385fff?s=96&d=mm&r=g","caption":"admin.san-damian.1"},"url":"https:\/\/www.san-damian.com\/it\/author\/admin-san-damian-1\/"}]}},"_links":{"self":[{"href":"https:\/\/www.san-damian.com\/it\/wp-json\/wp\/v2\/posts\/3105","targetHints":{"allow":["GET"]}}],"collection":[{"href":"https:\/\/www.san-damian.com\/it\/wp-json\/wp\/v2\/posts"}],"about":[{"href":"https:\/\/www.san-damian.com\/it\/wp-json\/wp\/v2\/types\/post"}],"author":[{"embeddable":true,"href":"https:\/\/www.san-damian.com\/it\/wp-json\/wp\/v2\/users\/2"}],"replies":[{"embeddable":true,"href":"https:\/\/www.san-damian.com\/it\/wp-json\/wp\/v2\/comments?post=3105"}],"version-history":[{"count":5,"href":"https:\/\/www.san-damian.com\/it\/wp-json\/wp\/v2\/posts\/3105\/revisions"}],"predecessor-version":[{"id":3492,"href":"https:\/\/www.san-damian.com\/it\/wp-json\/wp\/v2\/posts\/3105\/revisions\/3492"}],"wp:featuredmedia":[{"embeddable":true,"href":"https:\/\/www.san-damian.com\/it\/wp-json\/wp\/v2\/media\/2865"}],"wp:attachment":[{"href":"https:\/\/www.san-damian.com\/it\/wp-json\/wp\/v2\/media?parent=3105"}],"wp:term":[{"taxonomy":"category","embeddable":true,"href":"https:\/\/www.san-damian.com\/it\/wp-json\/wp\/v2\/categories?post=3105"},{"taxonomy":"post_tag","embeddable":true,"href":"https:\/\/www.san-damian.com\/it\/wp-json\/wp\/v2\/tags?post=3105"}],"curies":[{"name":"wp","href":"https:\/\/api.w.org\/{rel}","templated":true}]}}