{"id":4330,"date":"2023-06-29T18:48:06","date_gmt":"2023-06-29T18:48:06","guid":{"rendered":"https:\/\/www.san-damian.com\/?p=4330"},"modified":"2023-06-29T22:14:58","modified_gmt":"2023-06-29T22:14:58","slug":"una-casa-per-tutti-intervista-con-lospite-pamela-di-san-damian","status":"publish","type":"post","link":"https:\/\/www.san-damian.com\/it\/una-casa-per-tutti-intervista-con-lospite-pamela-di-san-damian\/","title":{"rendered":"Una casa per tutti &#8211; Intervista con l&#8217;ospite Pamela di San Damian"},"content":{"rendered":"\t\t<div data-elementor-type=\"wp-post\" data-elementor-id=\"4330\" class=\"elementor elementor-4330 elementor-4328\">\n\t\t\t\t\t\t<section class=\"elementor-section elementor-top-section elementor-element elementor-element-bfa7a41 elementor-section-boxed elementor-section-height-default elementor-section-height-default\" data-id=\"bfa7a41\" data-element_type=\"section\" data-e-type=\"section\" data-settings=\"{&quot;hoteller_ext_is_background_parallax&quot;:&quot;false&quot;,&quot;hoteller_ext_is_background_backdrop&quot;:&quot;false&quot;,&quot;hoteller_ext_is_background_on_scroll&quot;:&quot;false&quot;}\">\n\t\t\t\t\t\t<div class=\"elementor-container elementor-column-gap-default\">\n\t\t\t\t\t<div class=\"elementor-column elementor-col-100 elementor-top-column elementor-element elementor-element-afa5b73\" data-id=\"afa5b73\" data-element_type=\"column\" data-e-type=\"column\" data-settings=\"{&quot;hoteller_ext_link_sidemenu&quot;:&quot;false&quot;,&quot;hoteller_ext_link_fullmenu&quot;:&quot;false&quot;,&quot;hoteller_ext_link_closed_fullmenu&quot;:&quot;false&quot;,&quot;hoteller_ext_is_scrollme&quot;:&quot;false&quot;,&quot;hoteller_ext_is_smoove&quot;:&quot;false&quot;,&quot;hoteller_ext_is_parallax_mouse&quot;:&quot;false&quot;,&quot;hoteller_ext_is_infinite&quot;:&quot;false&quot;,&quot;hoteller_ext_is_fadeout_animation&quot;:&quot;false&quot;,&quot;hoteller_ext_mobile_static&quot;:&quot;false&quot;}\">\n\t\t\t<div class=\"elementor-widget-wrap elementor-element-populated\">\n\t\t\t\t\t\t<div class=\"elementor-element elementor-element-f2c9b84 elementor-widget elementor-widget-heading\" data-id=\"f2c9b84\" data-element_type=\"widget\" data-e-type=\"widget\" data-settings=\"{&quot;hoteller_ext_link_sidemenu&quot;:&quot;false&quot;,&quot;hoteller_ext_link_fullmenu&quot;:&quot;false&quot;,&quot;hoteller_ext_link_closed_fullmenu&quot;:&quot;false&quot;,&quot;hoteller_ext_is_scrollme&quot;:&quot;false&quot;,&quot;hoteller_ext_is_smoove&quot;:&quot;false&quot;,&quot;hoteller_ext_is_parallax_mouse&quot;:&quot;false&quot;,&quot;hoteller_ext_is_infinite&quot;:&quot;false&quot;,&quot;hoteller_ext_is_fadeout_animation&quot;:&quot;false&quot;,&quot;hoteller_ext_mobile_static&quot;:&quot;false&quot;}\" data-widget_type=\"heading.default\">\n\t\t\t\t<div class=\"elementor-widget-container\">\n\t\t\t\t\t<h2 class=\"elementor-heading-title elementor-size-default\">Una Casa per Tutti<\/h2>\t\t\t\t<\/div>\n\t\t\t\t<\/div>\n\t\t\t\t<div class=\"elementor-element elementor-element-f39cb07 elementor-widget elementor-widget-text-editor\" data-id=\"f39cb07\" data-element_type=\"widget\" data-e-type=\"widget\" data-settings=\"{&quot;hoteller_ext_link_sidemenu&quot;:&quot;false&quot;,&quot;hoteller_ext_link_fullmenu&quot;:&quot;false&quot;,&quot;hoteller_ext_link_closed_fullmenu&quot;:&quot;false&quot;,&quot;hoteller_ext_is_scrollme&quot;:&quot;false&quot;,&quot;hoteller_ext_is_smoove&quot;:&quot;false&quot;,&quot;hoteller_ext_is_parallax_mouse&quot;:&quot;false&quot;,&quot;hoteller_ext_is_infinite&quot;:&quot;false&quot;,&quot;hoteller_ext_is_fadeout_animation&quot;:&quot;false&quot;,&quot;hoteller_ext_mobile_static&quot;:&quot;false&quot;}\" data-widget_type=\"text-editor.default\">\n\t\t\t\t<div class=\"elementor-widget-container\">\n\t\t\t\t\t\t\t\t\t<p><span style=\"color: #ffffff;\">Questo articolo \u00e8 stato tradotto dal tedesco. Si prega di leggere la versione originale da <span style=\"text-decoration: underline;\"><a style=\"color: #ffffff; text-decoration: underline;\" href=\"https:\/\/charmingplaces.de\/ueber-uns\/#anja\" target=\"_blank\" rel=\"noopener\">Anja Fischer, Gr\u00fcnderin und CEO von Gl\u00fccksmomente Charmingplaces<\/a><\/span>, su <span style=\"text-decoration: underline;\"><a style=\"color: #ffffff; text-decoration: underline;\" href=\"https:\/\/charmingplaces.de\/ein-haus-fuer-alle-interview-mit-gastgeberin-pamela\/\" target=\"_blank\" rel=\"noopener\">www.charmingplaces.de<\/a><\/span><\/span><\/p>\n\t\t\t\t\t\t\t\t<\/div>\n\t\t\t\t<\/div>\n\t\t\t\t<div class=\"elementor-element elementor-element-1607f03 elementor-widget elementor-widget-text-editor\" data-id=\"1607f03\" data-element_type=\"widget\" data-e-type=\"widget\" data-settings=\"{&quot;hoteller_ext_link_sidemenu&quot;:&quot;false&quot;,&quot;hoteller_ext_link_fullmenu&quot;:&quot;false&quot;,&quot;hoteller_ext_link_closed_fullmenu&quot;:&quot;false&quot;,&quot;hoteller_ext_is_scrollme&quot;:&quot;false&quot;,&quot;hoteller_ext_is_smoove&quot;:&quot;false&quot;,&quot;hoteller_ext_is_parallax_mouse&quot;:&quot;false&quot;,&quot;hoteller_ext_is_infinite&quot;:&quot;false&quot;,&quot;hoteller_ext_is_fadeout_animation&quot;:&quot;false&quot;,&quot;hoteller_ext_mobile_static&quot;:&quot;false&quot;}\" data-widget_type=\"text-editor.default\">\n\t\t\t\t<div class=\"elementor-widget-container\">\n\t\t\t\t\t\t\t\t\t<p>Negli anni &#8217;90, i nostri padroni di casa di Charmingplaces Pamela e Roberto hanno creato un piccolo paradiso per le vacanze con il loro hotel di campagna San Damian sulla costa ligure, dove potrete sentirvi come a casa vostra.<\/p>\n<p>Nata a Vienna da madre americana e padre tedesco, Pamela \u00e8 cresciuta in mezzo a tante culture e modi di vita, in una casa che ospitava sempre nuovi ospiti da tutto il mondo.<\/p>\n<p>Conversando con la nostra padrona di casa, cerchiamo di scoprire come la sua infanzia speciale l&#8217;abbia plasmata e perch\u00e9 sia riuscita a creare un luogo che ci fa sentire a casa, nonostante le sue origini senza radici. E perch\u00e9, per placare una mente inquieta, non \u00e8 necessario viaggiare da soli.<\/p>\n\t\t\t\t\t\t\t\t<\/div>\n\t\t\t\t<\/div>\n\t\t\t\t<div class=\"elementor-element elementor-element-ae1f132 gallery-spacing-custom elementor-widget elementor-widget-image-gallery\" data-id=\"ae1f132\" data-element_type=\"widget\" data-e-type=\"widget\" data-settings=\"{&quot;hoteller_ext_link_sidemenu&quot;:&quot;false&quot;,&quot;hoteller_ext_link_fullmenu&quot;:&quot;false&quot;,&quot;hoteller_ext_link_closed_fullmenu&quot;:&quot;false&quot;,&quot;hoteller_ext_is_scrollme&quot;:&quot;false&quot;,&quot;hoteller_ext_is_smoove&quot;:&quot;false&quot;,&quot;hoteller_ext_is_parallax_mouse&quot;:&quot;false&quot;,&quot;hoteller_ext_is_infinite&quot;:&quot;false&quot;,&quot;hoteller_ext_is_fadeout_animation&quot;:&quot;false&quot;,&quot;hoteller_ext_mobile_static&quot;:&quot;false&quot;}\" data-widget_type=\"image-gallery.default\">\n\t\t\t\t<div class=\"elementor-widget-container\">\n\t\t\t\t\t\t\t<div class=\"elementor-image-gallery\">\n\t\t\t\n\t\t<style type=\"text\/css\">\n\t\t\t#gallery-1 {\n\t\t\t\tmargin: auto;\n\t\t\t}\n\t\t\t#gallery-1 .gallery-item {\n\t\t\t\tfloat: left;\n\t\t\t\tmargin-top: 10px;\n\t\t\t\ttext-align: center;\n\t\t\t\twidth: 50%;\n\t\t\t}\n\t\t\t#gallery-1 img {\n\t\t\t\tborder: 2px solid #cfcfcf;\n\t\t\t}\n\t\t\t#gallery-1 .gallery-caption {\n\t\t\t\tmargin-left: 0;\n\t\t\t}\n\t\t\t\/* see gallery_shortcode() in wp-includes\/media.php *\/\n\t\t<\/style>\n\t\t<div id='gallery-1' class='gallery galleryid-4330 gallery-columns-2 gallery-size-full'><dl class='gallery-item'>\n\t\t\t<dt class='gallery-icon landscape'>\n\t\t\t\t<a data-elementor-open-lightbox=\"yes\" data-elementor-lightbox-slideshow=\"ae1f132\" data-elementor-lightbox-title=\"image00005 copy-2\" data-e-action-hash=\"#elementor-action%3Aaction%3Dlightbox%26settings%3DeyJpZCI6NDM0NCwidXJsIjoiaHR0cHM6XC9cL3d3dy5zYW4tZGFtaWFuLmNvbVwvd3AtY29udGVudFwvdXBsb2Fkc1wvMjAyM1wvMDZcL2ltYWdlMDAwMDUtY29weS0yLmpwZyIsInNsaWRlc2hvdyI6ImFlMWYxMzIifQ%3D%3D\" href='https:\/\/www.san-damian.com\/wp-content\/uploads\/2023\/06\/image00005-copy-2.jpg'><img fetchpriority=\"high\" decoding=\"async\" width=\"1800\" height=\"1225\" src=\"https:\/\/www.san-damian.com\/wp-content\/uploads\/2023\/06\/image00005-copy-2.jpg\" class=\"attachment-full size-full\" alt=\"\" srcset=\"https:\/\/www.san-damian.com\/wp-content\/uploads\/2023\/06\/image00005-copy-2.jpg 1800w, https:\/\/www.san-damian.com\/wp-content\/uploads\/2023\/06\/image00005-copy-2-300x204.jpg 300w, https:\/\/www.san-damian.com\/wp-content\/uploads\/2023\/06\/image00005-copy-2-1024x697.jpg 1024w, https:\/\/www.san-damian.com\/wp-content\/uploads\/2023\/06\/image00005-copy-2-768x523.jpg 768w, https:\/\/www.san-damian.com\/wp-content\/uploads\/2023\/06\/image00005-copy-2-1536x1045.jpg 1536w, https:\/\/www.san-damian.com\/wp-content\/uploads\/2023\/06\/image00005-copy-2-440x299.jpg 440w\" sizes=\"(max-width: 1800px) 100vw, 1800px\" \/><\/a>\n\t\t\t<\/dt><\/dl><dl class='gallery-item'>\n\t\t\t<dt class='gallery-icon landscape'>\n\t\t\t\t<a data-elementor-open-lightbox=\"yes\" data-elementor-lightbox-slideshow=\"ae1f132\" data-elementor-lightbox-title=\"Ferienwohnung-Ligurien-San-Damian19.jpg\" data-e-action-hash=\"#elementor-action%3Aaction%3Dlightbox%26settings%3DeyJpZCI6NDM0NywidXJsIjoiaHR0cHM6XC9cL3d3dy5zYW4tZGFtaWFuLmNvbVwvd3AtY29udGVudFwvdXBsb2Fkc1wvMjAyM1wvMDZcL0ZlcmllbndvaG51bmctTGlndXJpZW4tU2FuLURhbWlhbjE5LmpwZy5qcGciLCJzbGlkZXNob3ciOiJhZTFmMTMyIn0%3D\" href='https:\/\/www.san-damian.com\/wp-content\/uploads\/2023\/06\/Ferienwohnung-Ligurien-San-Damian19.jpg.jpg'><img decoding=\"async\" width=\"1800\" height=\"1225\" src=\"https:\/\/www.san-damian.com\/wp-content\/uploads\/2023\/06\/Ferienwohnung-Ligurien-San-Damian19.jpg.jpg\" class=\"attachment-full size-full\" alt=\"\" srcset=\"https:\/\/www.san-damian.com\/wp-content\/uploads\/2023\/06\/Ferienwohnung-Ligurien-San-Damian19.jpg.jpg 1800w, https:\/\/www.san-damian.com\/wp-content\/uploads\/2023\/06\/Ferienwohnung-Ligurien-San-Damian19.jpg-300x204.jpg 300w, https:\/\/www.san-damian.com\/wp-content\/uploads\/2023\/06\/Ferienwohnung-Ligurien-San-Damian19.jpg-1024x697.jpg 1024w, https:\/\/www.san-damian.com\/wp-content\/uploads\/2023\/06\/Ferienwohnung-Ligurien-San-Damian19.jpg-768x523.jpg 768w, https:\/\/www.san-damian.com\/wp-content\/uploads\/2023\/06\/Ferienwohnung-Ligurien-San-Damian19.jpg-1536x1045.jpg 1536w, https:\/\/www.san-damian.com\/wp-content\/uploads\/2023\/06\/Ferienwohnung-Ligurien-San-Damian19.jpg-440x299.jpg 440w\" sizes=\"(max-width: 1800px) 100vw, 1800px\" \/><\/a>\n\t\t\t<\/dt><\/dl><br style=\"clear: both\" \/><dl class='gallery-item'>\n\t\t\t<dt class='gallery-icon landscape'>\n\t\t\t\t<a data-elementor-open-lightbox=\"yes\" data-elementor-lightbox-slideshow=\"ae1f132\" data-elementor-lightbox-title=\"Ferienwohnung-Ligurien-San-Damian23.jpg\" data-e-action-hash=\"#elementor-action%3Aaction%3Dlightbox%26settings%3DeyJpZCI6NDM1MCwidXJsIjoiaHR0cHM6XC9cL3d3dy5zYW4tZGFtaWFuLmNvbVwvd3AtY29udGVudFwvdXBsb2Fkc1wvMjAyM1wvMDZcL0ZlcmllbndvaG51bmctTGlndXJpZW4tU2FuLURhbWlhbjIzLmpwZy5qcGciLCJzbGlkZXNob3ciOiJhZTFmMTMyIn0%3D\" href='https:\/\/www.san-damian.com\/wp-content\/uploads\/2023\/06\/Ferienwohnung-Ligurien-San-Damian23.jpg.jpg'><img decoding=\"async\" width=\"1800\" height=\"1225\" src=\"https:\/\/www.san-damian.com\/wp-content\/uploads\/2023\/06\/Ferienwohnung-Ligurien-San-Damian23.jpg.jpg\" class=\"attachment-full size-full\" alt=\"\" srcset=\"https:\/\/www.san-damian.com\/wp-content\/uploads\/2023\/06\/Ferienwohnung-Ligurien-San-Damian23.jpg.jpg 1800w, https:\/\/www.san-damian.com\/wp-content\/uploads\/2023\/06\/Ferienwohnung-Ligurien-San-Damian23.jpg-300x204.jpg 300w, https:\/\/www.san-damian.com\/wp-content\/uploads\/2023\/06\/Ferienwohnung-Ligurien-San-Damian23.jpg-1024x697.jpg 1024w, https:\/\/www.san-damian.com\/wp-content\/uploads\/2023\/06\/Ferienwohnung-Ligurien-San-Damian23.jpg-768x523.jpg 768w, https:\/\/www.san-damian.com\/wp-content\/uploads\/2023\/06\/Ferienwohnung-Ligurien-San-Damian23.jpg-1536x1045.jpg 1536w, https:\/\/www.san-damian.com\/wp-content\/uploads\/2023\/06\/Ferienwohnung-Ligurien-San-Damian23.jpg-440x299.jpg 440w\" sizes=\"(max-width: 1800px) 100vw, 1800px\" \/><\/a>\n\t\t\t<\/dt><\/dl><dl class='gallery-item'>\n\t\t\t<dt class='gallery-icon landscape'>\n\t\t\t\t<a data-elementor-open-lightbox=\"yes\" data-elementor-lightbox-slideshow=\"ae1f132\" data-elementor-lightbox-title=\"Ferienwohnung-Ligurien-San-Damian45.jpg\" data-e-action-hash=\"#elementor-action%3Aaction%3Dlightbox%26settings%3DeyJpZCI6NDM1MywidXJsIjoiaHR0cHM6XC9cL3d3dy5zYW4tZGFtaWFuLmNvbVwvd3AtY29udGVudFwvdXBsb2Fkc1wvMjAyM1wvMDZcL0ZlcmllbndvaG51bmctTGlndXJpZW4tU2FuLURhbWlhbjQ1LmpwZy5qcGciLCJzbGlkZXNob3ciOiJhZTFmMTMyIn0%3D\" href='https:\/\/www.san-damian.com\/wp-content\/uploads\/2023\/06\/Ferienwohnung-Ligurien-San-Damian45.jpg.jpg'><img loading=\"lazy\" decoding=\"async\" width=\"1800\" height=\"1225\" src=\"https:\/\/www.san-damian.com\/wp-content\/uploads\/2023\/06\/Ferienwohnung-Ligurien-San-Damian45.jpg.jpg\" class=\"attachment-full size-full\" alt=\"\" srcset=\"https:\/\/www.san-damian.com\/wp-content\/uploads\/2023\/06\/Ferienwohnung-Ligurien-San-Damian45.jpg.jpg 1800w, https:\/\/www.san-damian.com\/wp-content\/uploads\/2023\/06\/Ferienwohnung-Ligurien-San-Damian45.jpg-300x204.jpg 300w, https:\/\/www.san-damian.com\/wp-content\/uploads\/2023\/06\/Ferienwohnung-Ligurien-San-Damian45.jpg-1024x697.jpg 1024w, https:\/\/www.san-damian.com\/wp-content\/uploads\/2023\/06\/Ferienwohnung-Ligurien-San-Damian45.jpg-768x523.jpg 768w, https:\/\/www.san-damian.com\/wp-content\/uploads\/2023\/06\/Ferienwohnung-Ligurien-San-Damian45.jpg-1536x1045.jpg 1536w, https:\/\/www.san-damian.com\/wp-content\/uploads\/2023\/06\/Ferienwohnung-Ligurien-San-Damian45.jpg-440x299.jpg 440w\" sizes=\"(max-width: 1800px) 100vw, 1800px\" \/><\/a>\n\t\t\t<\/dt><\/dl><br style=\"clear: both\" \/>\n\t\t<\/div>\n\t\t<\/div>\n\t\t\t\t\t\t<\/div>\n\t\t\t\t<\/div>\n\t\t\t\t<div class=\"elementor-element elementor-element-4731dc6 elementor-widget elementor-widget-text-editor\" data-id=\"4731dc6\" data-element_type=\"widget\" data-e-type=\"widget\" data-settings=\"{&quot;hoteller_ext_link_sidemenu&quot;:&quot;false&quot;,&quot;hoteller_ext_link_fullmenu&quot;:&quot;false&quot;,&quot;hoteller_ext_link_closed_fullmenu&quot;:&quot;false&quot;,&quot;hoteller_ext_is_scrollme&quot;:&quot;false&quot;,&quot;hoteller_ext_is_smoove&quot;:&quot;false&quot;,&quot;hoteller_ext_is_parallax_mouse&quot;:&quot;false&quot;,&quot;hoteller_ext_is_infinite&quot;:&quot;false&quot;,&quot;hoteller_ext_is_fadeout_animation&quot;:&quot;false&quot;,&quot;hoteller_ext_mobile_static&quot;:&quot;false&quot;}\" data-widget_type=\"text-editor.default\">\n\t\t\t\t<div class=\"elementor-widget-container\">\n\t\t\t\t\t\t\t\t\t<p><strong>Charmingplaces:<\/strong> Pamela, lei ha trascorso la sua infanzia in Liguria. Quando vi siete trasferiti?<\/p><p><strong>Pamela:<\/strong> Eravamo negli anni Settanta. I miei genitori erano giovani, esplosivi, sognatori, idealisti, festaioli, irrequieti e decisero &#8211; naturalmente &#8211; che il loro posto era nel sud dell&#8217;Europa.<\/p><p><strong>CP:<\/strong> L&#8217;Europa meridionale offre molti luoghi emozionanti e bellissimi. Perch\u00e9 avete scelto la Liguria?<\/p><p><strong>Pamela:<\/strong> La Liguria \u00e8 semplice e autentica, con il mare, il clima mite, la gente aperta e socievole. Ci siamo trasferiti in un piccolo paese dell&#8217;entroterra di Imperia, ironicamente chiamato Isolalunga. Long Island. Mia nonna \u00e8 di New York.<\/p><p><strong>CP:<\/strong> Ma questa Long Island si trovava probabilmente in un cosmo molto pi\u00f9 piccolo. Come potevano i vostri genitori mondani mettere radici l\u00ec?<\/p><p><strong>Pamela:<\/strong> La nostra casa, il vecchio forno ristrutturato del villaggio, era una casa a cinque piani, piena di storie e di fascino e sempre piena di gente. Gli amici venivano da tutto il mondo.\u00a0Chi lavorava con Conrad Lawrence nella ricerca sulle formiche e viveva per mesi in una tenda sul Monte Faudo, o chi lavorava nella ricerca sulla biologia marina.\u00a0Ospiti che venivano dal Giappone e dormivano sul tavolo della cucina perch\u00e9 il materasso era troppo morbido. Dall&#8217;Australia con le ultime tecnologie e una volta addirittura Miss Australia!<\/p><p>C&#8217;\u00e8 chi \u00e8 venuto dalla Persia e mi ha insegnato una matematica diversa e bellissima, chi ha passato ore in meditazione in piedi sulla testa in terrazza. Altri facevano teatro pantomimico, altri ancora dirigevano orchestre.\u00a0In mezzo c&#8217;era la vecchia insegnante di biologia di mia madre, venuta dal\u00a0Massachusetts, JP la suora che aveva stretto un interessante legame con la curia locale e che ci portava in giro per le capitali europee dormendo nei monasteri.<\/p><p><strong>CP:<\/strong> Cos\u00ec il mondo \u00e8 venuto a casa vostra. Come l&#8217;ha influenzata da bambino?<\/p><p><strong>Pamela:<\/strong> Ero un bambino tranquillo, osservavo e assorbivo le sensazioni, capivo molte lingue, ero curioso ma parlavo poco. Vivevo di questa diversit\u00e0.<\/p><p>Da adolescente ho deciso di approfondire il mio grande amore per gli animali, che sono sempre stati i miei migliori amici durante la mia infanzia un po&#8217; solitaria in inverno in Liguria. Sono diventata veterinaria per poter aiutare gli animali, anche quelli selvatici, da sola.<\/p><p>Ma non potevo chiudermi in uno studio o in una clinica per pi\u00f9 di qualche anno. \u00c8 tornato il bisogno di movimento e di stimoli, che potevo soddisfare solo viaggiando.<\/p><p><strong>CP:<\/strong> Dove sono finiti i vostri primi viaggi?<\/p><p><strong>Pamela:<\/strong> Quando a giugno fin\u00ec la scuola, partii con mia madre per trascorrere due mesi negli Stati Uniti e in Canada, affascinata da questo mondo cos\u00ec diverso dall&#8217;Europa, da quegli spazi immensi dove tutto era gigantesco, dalla bottiglia di latte alle foreste, ai laghi e ai deserti. L\u00ec ho conosciuto la ricchezza della borghesia americana, la discendenza da un eroe della guerra d&#8217;indipendenza (William Dawes), l&#8217;abbondanza e la prosperit\u00e0 economica.<\/p><p>Poi tornai in Italia in agosto e andai con mio padre in Ungheria, dove viveva suo fratello (che era rimasto in Ungheria dopo l&#8217;invasione russa del 1956), per trascorrere un mese intero l\u00ec, sul Danubio, tra vigneti e campi di mais e di girasole. Qui ci siamo alzati alle cinque del mattino per prendere il pane razionato, e mio zio ha conservato con cura tutto ci\u00f2 che abbiamo portato dall&#8217;Occidente, a partire dalle buste di plastica.<\/p><p><strong>CP:<\/strong> Crescere tra tante culture diverse, viaggiare in mondi cos\u00ec opposti: come si fa a capire chi si \u00e8?<\/p><p><strong>Pamela:<\/strong> La visione di questi mondi lontani, che ho potuto sperimentare intensamente e senza pregiudizi prima della caduta del Muro, ha avuto una forte influenza sulla mia personalit\u00e0 e sulle mie scelte di vita.<\/p><p><strong>CP:<\/strong> C&#8217;\u00e8 un buon esempio di questo?<\/p><p><strong>Pamela:<\/strong> L&#8217;avventura del nostro agriturismo! Insieme a mio marito, abbiamo costruito lentamente e faticosamente un luogo meraviglioso sulle colline sopra il paese di Isolalunga, dove da bambina giocavo a nascondino. L&#8217;opportunit\u00e0 di coniugare il mio grande amore per la natura con la sensazione di accoglienza che avevo respirato fin da piccola nella casa &#8220;aperta&#8221; dove sono cresciuta. Non avrei mai potuto chiamarla &#8220;mia&#8221; casa, era una casa per &#8220;tutti&#8221;.<\/p><p><strong>CP:<\/strong> E il vostro bisogno di viaggiare non si presenta pi\u00f9?<\/p><p><strong>Pamela:<\/strong> Quando sono arrivate le mie due figlie Viola ed Emma, questa esigenza ha cominciato a scomparire nella sua vecchia forma. Abbiamo creato un luogo aperto ai viaggiatori che sanno scoprire il segreto dei luoghi meno conosciuti. Quei luoghi che non sono segnati sulle solite mappe e che sono protetti e custoditi come un tesoro.<\/p><p>Ancora oggi, come quando ero bambino, traggo energia e passione dall&#8217;incontro con persone che vengono qui da tutto il mondo per apprezzare l&#8217;autentica semplicit\u00e0 e la meraviglia di questi luoghi che non sono quasi cambiati negli ultimi 50 anni.<\/p>\t\t\t\t\t\t\t\t<\/div>\n\t\t\t\t<\/div>\n\t\t\t\t<div class=\"elementor-element elementor-element-1dfc92b elementor-widget-divider--view-line elementor-widget elementor-widget-divider\" data-id=\"1dfc92b\" data-element_type=\"widget\" data-e-type=\"widget\" data-settings=\"{&quot;hoteller_ext_link_sidemenu&quot;:&quot;false&quot;,&quot;hoteller_ext_link_fullmenu&quot;:&quot;false&quot;,&quot;hoteller_ext_link_closed_fullmenu&quot;:&quot;false&quot;,&quot;hoteller_ext_is_scrollme&quot;:&quot;false&quot;,&quot;hoteller_ext_is_smoove&quot;:&quot;false&quot;,&quot;hoteller_ext_is_parallax_mouse&quot;:&quot;false&quot;,&quot;hoteller_ext_is_infinite&quot;:&quot;false&quot;,&quot;hoteller_ext_is_fadeout_animation&quot;:&quot;false&quot;,&quot;hoteller_ext_mobile_static&quot;:&quot;false&quot;}\" data-widget_type=\"divider.default\">\n\t\t\t\t<div class=\"elementor-widget-container\">\n\t\t\t\t\t\t\t<div class=\"elementor-divider\">\n\t\t\t<span class=\"elementor-divider-separator\">\n\t\t\t\t\t\t<\/span>\n\t\t<\/div>\n\t\t\t\t\t\t<\/div>\n\t\t\t\t<\/div>\n\t\t\t\t<div class=\"elementor-element elementor-element-70978db elementor-widget elementor-widget-text-editor\" data-id=\"70978db\" data-element_type=\"widget\" data-e-type=\"widget\" data-settings=\"{&quot;hoteller_ext_link_sidemenu&quot;:&quot;false&quot;,&quot;hoteller_ext_link_fullmenu&quot;:&quot;false&quot;,&quot;hoteller_ext_link_closed_fullmenu&quot;:&quot;false&quot;,&quot;hoteller_ext_is_scrollme&quot;:&quot;false&quot;,&quot;hoteller_ext_is_smoove&quot;:&quot;false&quot;,&quot;hoteller_ext_is_parallax_mouse&quot;:&quot;false&quot;,&quot;hoteller_ext_is_infinite&quot;:&quot;false&quot;,&quot;hoteller_ext_is_fadeout_animation&quot;:&quot;false&quot;,&quot;hoteller_ext_mobile_static&quot;:&quot;false&quot;}\" data-widget_type=\"text-editor.default\">\n\t\t\t\t<div class=\"elementor-widget-container\">\n\t\t\t\t\t\t\t\t\t<p><strong>San Damian \u00e8 un luogo che riflette l&#8217;anima di Pamela. Aperto, mondano, un luogo in cui gli ospiti si sentono, dopo poche ore, come se fossero a casa loro da molto tempo, eppure possono sempre scoprire nuove sfaccettature dei loro padroni di casa. Come \u00e8 successo a noi in questa conversazione. Grazie Pamela!<\/strong><\/p>\t\t\t\t\t\t\t\t<\/div>\n\t\t\t\t<\/div>\n\t\t\t\t<div class=\"elementor-element elementor-element-e038203 elementor-widget elementor-widget-button\" data-id=\"e038203\" data-element_type=\"widget\" data-e-type=\"widget\" data-settings=\"{&quot;hoteller_ext_link_sidemenu&quot;:&quot;false&quot;,&quot;hoteller_ext_link_fullmenu&quot;:&quot;false&quot;,&quot;hoteller_ext_link_closed_fullmenu&quot;:&quot;false&quot;,&quot;hoteller_ext_is_scrollme&quot;:&quot;false&quot;,&quot;hoteller_ext_is_smoove&quot;:&quot;false&quot;,&quot;hoteller_ext_is_parallax_mouse&quot;:&quot;false&quot;,&quot;hoteller_ext_is_infinite&quot;:&quot;false&quot;,&quot;hoteller_ext_is_fadeout_animation&quot;:&quot;false&quot;,&quot;hoteller_ext_mobile_static&quot;:&quot;false&quot;}\" data-widget_type=\"button.default\">\n\t\t\t\t<div class=\"elementor-widget-container\">\n\t\t\t\t\t\t\t\t\t<div class=\"elementor-button-wrapper\">\n\t\t\t\t\t<a class=\"elementor-button elementor-button-link elementor-size-md\" href=\"https:\/\/www.san-damian.com\/it\/storie\/\">\n\t\t\t\t\t\t<span class=\"elementor-button-content-wrapper\">\n\t\t\t\t\t\t\t\t\t<span class=\"elementor-button-text\">tutte le storie<\/span>\n\t\t\t\t\t<\/span>\n\t\t\t\t\t<\/a>\n\t\t\t\t<\/div>\n\t\t\t\t\t\t\t\t<\/div>\n\t\t\t\t<\/div>\n\t\t\t\t\t<\/div>\n\t\t<\/div>\n\t\t\t\t\t<\/div>\n\t\t<\/section>\n\t\t\t\t<\/div>\n\t\t","protected":false},"excerpt":{"rendered":"<p>Leggi l&#8217;intervista ad Anja Fischer, Fondatrice e CEO di Gl\u00fccksmomente Charmingplaces, e ospite di Pamela di San Damian.<\/p>\n","protected":false},"author":2,"featured_media":4359,"comment_status":"closed","ping_status":"closed","sticky":false,"template":"","format":"standard","meta":{"footnotes":""},"categories":[44],"tags":[],"class_list":["post-4330","post","type-post","status-publish","format-standard","has-post-thumbnail","hentry","category-san-dalian"],"yoast_head":"<!-- This site is optimized with the Yoast SEO plugin v27.0 - https:\/\/yoast.com\/product\/yoast-seo-wordpress\/ -->\n<title>Una casa per tutti - Intervista a San Damian | Le nostre storie<\/title>\n<meta name=\"description\" content=\"Leggi l&#039;intervista ad Anja Fischer, Fondatrice e CEO di Gl\u00fccksmomente Charmingplaces, e ospite di Pamela di San Damian.\" \/>\n<meta name=\"robots\" content=\"index, follow, max-snippet:-1, max-image-preview:large, max-video-preview:-1\" \/>\n<link rel=\"canonical\" href=\"https:\/\/www.san-damian.com\/it\/una-casa-per-tutti-intervista-con-lospite-pamela-di-san-damian\/\" \/>\n<meta property=\"og:locale\" content=\"it_IT\" \/>\n<meta property=\"og:type\" content=\"article\" \/>\n<meta property=\"og:title\" content=\"Una casa per tutti - Intervista a San Damian | Le nostre storie\" \/>\n<meta property=\"og:description\" content=\"Leggi l&#039;intervista ad Anja Fischer, Fondatrice e CEO di Gl\u00fccksmomente Charmingplaces, e ospite di Pamela di San Damian.\" \/>\n<meta property=\"og:url\" content=\"https:\/\/www.san-damian.com\/it\/una-casa-per-tutti-intervista-con-lospite-pamela-di-san-damian\/\" \/>\n<meta property=\"og:site_name\" content=\"San Damian\" \/>\n<meta property=\"article:published_time\" content=\"2023-06-29T18:48:06+00:00\" \/>\n<meta property=\"article:modified_time\" content=\"2023-06-29T22:14:58+00:00\" \/>\n<meta property=\"og:image\" content=\"https:\/\/www.san-damian.com\/wp-content\/uploads\/2023\/06\/image00005-copy-21.jpg\" \/>\n\t<meta property=\"og:image:width\" content=\"1800\" \/>\n\t<meta property=\"og:image:height\" content=\"1100\" \/>\n\t<meta property=\"og:image:type\" content=\"image\/jpeg\" \/>\n<meta name=\"author\" content=\"admin.san-damian.1\" \/>\n<meta name=\"twitter:card\" content=\"summary_large_image\" \/>\n<meta name=\"twitter:label1\" content=\"Scritto da\" \/>\n\t<meta name=\"twitter:data1\" content=\"admin.san-damian.1\" \/>\n\t<meta name=\"twitter:label2\" content=\"Tempo di lettura stimato\" \/>\n\t<meta name=\"twitter:data2\" content=\"7 minuti\" \/>\n<script type=\"application\/ld+json\" class=\"yoast-schema-graph\">{\"@context\":\"https:\/\/schema.org\",\"@graph\":[{\"@type\":\"Article\",\"@id\":\"https:\/\/www.san-damian.com\/it\/una-casa-per-tutti-intervista-con-lospite-pamela-di-san-damian\/#article\",\"isPartOf\":{\"@id\":\"https:\/\/www.san-damian.com\/it\/una-casa-per-tutti-intervista-con-lospite-pamela-di-san-damian\/\"},\"author\":{\"name\":\"admin.san-damian.1\",\"@id\":\"https:\/\/www.san-damian.com\/it\/#\/schema\/person\/2f5b8e600a360f682ecd5ffdc2049022\"},\"headline\":\"Una casa per tutti &#8211; Intervista con l&#8217;ospite Pamela di San Damian\",\"datePublished\":\"2023-06-29T18:48:06+00:00\",\"dateModified\":\"2023-06-29T22:14:58+00:00\",\"mainEntityOfPage\":{\"@id\":\"https:\/\/www.san-damian.com\/it\/una-casa-per-tutti-intervista-con-lospite-pamela-di-san-damian\/\"},\"wordCount\":991,\"image\":{\"@id\":\"https:\/\/www.san-damian.com\/it\/una-casa-per-tutti-intervista-con-lospite-pamela-di-san-damian\/#primaryimage\"},\"thumbnailUrl\":\"https:\/\/www.san-damian.com\/wp-content\/uploads\/2023\/06\/image00005-copy-21.jpg\",\"articleSection\":[\"San Damian\"],\"inLanguage\":\"it-IT\"},{\"@type\":\"WebPage\",\"@id\":\"https:\/\/www.san-damian.com\/it\/una-casa-per-tutti-intervista-con-lospite-pamela-di-san-damian\/\",\"url\":\"https:\/\/www.san-damian.com\/it\/una-casa-per-tutti-intervista-con-lospite-pamela-di-san-damian\/\",\"name\":\"Una casa per tutti - Intervista a San Damian | Le nostre storie\",\"isPartOf\":{\"@id\":\"https:\/\/www.san-damian.com\/it\/#website\"},\"primaryImageOfPage\":{\"@id\":\"https:\/\/www.san-damian.com\/it\/una-casa-per-tutti-intervista-con-lospite-pamela-di-san-damian\/#primaryimage\"},\"image\":{\"@id\":\"https:\/\/www.san-damian.com\/it\/una-casa-per-tutti-intervista-con-lospite-pamela-di-san-damian\/#primaryimage\"},\"thumbnailUrl\":\"https:\/\/www.san-damian.com\/wp-content\/uploads\/2023\/06\/image00005-copy-21.jpg\",\"datePublished\":\"2023-06-29T18:48:06+00:00\",\"dateModified\":\"2023-06-29T22:14:58+00:00\",\"author\":{\"@id\":\"https:\/\/www.san-damian.com\/it\/#\/schema\/person\/2f5b8e600a360f682ecd5ffdc2049022\"},\"description\":\"Leggi l'intervista ad Anja Fischer, Fondatrice e CEO di Gl\u00fccksmomente Charmingplaces, e ospite di Pamela di San Damian.\",\"breadcrumb\":{\"@id\":\"https:\/\/www.san-damian.com\/it\/una-casa-per-tutti-intervista-con-lospite-pamela-di-san-damian\/#breadcrumb\"},\"inLanguage\":\"it-IT\",\"potentialAction\":[{\"@type\":\"ReadAction\",\"target\":[\"https:\/\/www.san-damian.com\/it\/una-casa-per-tutti-intervista-con-lospite-pamela-di-san-damian\/\"]}]},{\"@type\":\"ImageObject\",\"inLanguage\":\"it-IT\",\"@id\":\"https:\/\/www.san-damian.com\/it\/una-casa-per-tutti-intervista-con-lospite-pamela-di-san-damian\/#primaryimage\",\"url\":\"https:\/\/www.san-damian.com\/wp-content\/uploads\/2023\/06\/image00005-copy-21.jpg\",\"contentUrl\":\"https:\/\/www.san-damian.com\/wp-content\/uploads\/2023\/06\/image00005-copy-21.jpg\",\"width\":1800,\"height\":1100},{\"@type\":\"BreadcrumbList\",\"@id\":\"https:\/\/www.san-damian.com\/it\/una-casa-per-tutti-intervista-con-lospite-pamela-di-san-damian\/#breadcrumb\",\"itemListElement\":[{\"@type\":\"ListItem\",\"position\":1,\"name\":\"Home\",\"item\":\"https:\/\/www.san-damian.com\/it\/\"},{\"@type\":\"ListItem\",\"position\":2,\"name\":\"Una casa per tutti &#8211; Intervista con l&#8217;ospite Pamela di San Damian\"}]},{\"@type\":\"WebSite\",\"@id\":\"https:\/\/www.san-damian.com\/it\/#website\",\"url\":\"https:\/\/www.san-damian.com\/it\/\",\"name\":\"San Damian\",\"description\":\"\",\"potentialAction\":[{\"@type\":\"SearchAction\",\"target\":{\"@type\":\"EntryPoint\",\"urlTemplate\":\"https:\/\/www.san-damian.com\/it\/?s={search_term_string}\"},\"query-input\":{\"@type\":\"PropertyValueSpecification\",\"valueRequired\":true,\"valueName\":\"search_term_string\"}}],\"inLanguage\":\"it-IT\"},{\"@type\":\"Person\",\"@id\":\"https:\/\/www.san-damian.com\/it\/#\/schema\/person\/2f5b8e600a360f682ecd5ffdc2049022\",\"name\":\"admin.san-damian.1\",\"image\":{\"@type\":\"ImageObject\",\"inLanguage\":\"it-IT\",\"@id\":\"https:\/\/www.san-damian.com\/it\/#\/schema\/person\/image\/\",\"url\":\"https:\/\/secure.gravatar.com\/avatar\/499c3008c9e56445256487f6dfe00a362c4fd9911690861603900e97da385fff?s=96&d=mm&r=g\",\"contentUrl\":\"https:\/\/secure.gravatar.com\/avatar\/499c3008c9e56445256487f6dfe00a362c4fd9911690861603900e97da385fff?s=96&d=mm&r=g\",\"caption\":\"admin.san-damian.1\"},\"url\":\"https:\/\/www.san-damian.com\/it\/author\/admin-san-damian-1\/\"}]}<\/script>\n<!-- \/ Yoast SEO plugin. -->","yoast_head_json":{"title":"Una casa per tutti - Intervista a San Damian | Le nostre storie","description":"Leggi l'intervista ad Anja Fischer, Fondatrice e CEO di Gl\u00fccksmomente Charmingplaces, e ospite di Pamela di San Damian.","robots":{"index":"index","follow":"follow","max-snippet":"max-snippet:-1","max-image-preview":"max-image-preview:large","max-video-preview":"max-video-preview:-1"},"canonical":"https:\/\/www.san-damian.com\/it\/una-casa-per-tutti-intervista-con-lospite-pamela-di-san-damian\/","og_locale":"it_IT","og_type":"article","og_title":"Una casa per tutti - Intervista a San Damian | Le nostre storie","og_description":"Leggi l'intervista ad Anja Fischer, Fondatrice e CEO di Gl\u00fccksmomente Charmingplaces, e ospite di Pamela di San Damian.","og_url":"https:\/\/www.san-damian.com\/it\/una-casa-per-tutti-intervista-con-lospite-pamela-di-san-damian\/","og_site_name":"San Damian","article_published_time":"2023-06-29T18:48:06+00:00","article_modified_time":"2023-06-29T22:14:58+00:00","og_image":[{"width":1800,"height":1100,"url":"https:\/\/www.san-damian.com\/wp-content\/uploads\/2023\/06\/image00005-copy-21.jpg","type":"image\/jpeg"}],"author":"admin.san-damian.1","twitter_card":"summary_large_image","twitter_misc":{"Scritto da":"admin.san-damian.1","Tempo di lettura stimato":"7 minuti"},"schema":{"@context":"https:\/\/schema.org","@graph":[{"@type":"Article","@id":"https:\/\/www.san-damian.com\/it\/una-casa-per-tutti-intervista-con-lospite-pamela-di-san-damian\/#article","isPartOf":{"@id":"https:\/\/www.san-damian.com\/it\/una-casa-per-tutti-intervista-con-lospite-pamela-di-san-damian\/"},"author":{"name":"admin.san-damian.1","@id":"https:\/\/www.san-damian.com\/it\/#\/schema\/person\/2f5b8e600a360f682ecd5ffdc2049022"},"headline":"Una casa per tutti &#8211; Intervista con l&#8217;ospite Pamela di San Damian","datePublished":"2023-06-29T18:48:06+00:00","dateModified":"2023-06-29T22:14:58+00:00","mainEntityOfPage":{"@id":"https:\/\/www.san-damian.com\/it\/una-casa-per-tutti-intervista-con-lospite-pamela-di-san-damian\/"},"wordCount":991,"image":{"@id":"https:\/\/www.san-damian.com\/it\/una-casa-per-tutti-intervista-con-lospite-pamela-di-san-damian\/#primaryimage"},"thumbnailUrl":"https:\/\/www.san-damian.com\/wp-content\/uploads\/2023\/06\/image00005-copy-21.jpg","articleSection":["San Damian"],"inLanguage":"it-IT"},{"@type":"WebPage","@id":"https:\/\/www.san-damian.com\/it\/una-casa-per-tutti-intervista-con-lospite-pamela-di-san-damian\/","url":"https:\/\/www.san-damian.com\/it\/una-casa-per-tutti-intervista-con-lospite-pamela-di-san-damian\/","name":"Una casa per tutti - Intervista a San Damian | Le nostre storie","isPartOf":{"@id":"https:\/\/www.san-damian.com\/it\/#website"},"primaryImageOfPage":{"@id":"https:\/\/www.san-damian.com\/it\/una-casa-per-tutti-intervista-con-lospite-pamela-di-san-damian\/#primaryimage"},"image":{"@id":"https:\/\/www.san-damian.com\/it\/una-casa-per-tutti-intervista-con-lospite-pamela-di-san-damian\/#primaryimage"},"thumbnailUrl":"https:\/\/www.san-damian.com\/wp-content\/uploads\/2023\/06\/image00005-copy-21.jpg","datePublished":"2023-06-29T18:48:06+00:00","dateModified":"2023-06-29T22:14:58+00:00","author":{"@id":"https:\/\/www.san-damian.com\/it\/#\/schema\/person\/2f5b8e600a360f682ecd5ffdc2049022"},"description":"Leggi l'intervista ad Anja Fischer, Fondatrice e CEO di Gl\u00fccksmomente Charmingplaces, e ospite di Pamela di San Damian.","breadcrumb":{"@id":"https:\/\/www.san-damian.com\/it\/una-casa-per-tutti-intervista-con-lospite-pamela-di-san-damian\/#breadcrumb"},"inLanguage":"it-IT","potentialAction":[{"@type":"ReadAction","target":["https:\/\/www.san-damian.com\/it\/una-casa-per-tutti-intervista-con-lospite-pamela-di-san-damian\/"]}]},{"@type":"ImageObject","inLanguage":"it-IT","@id":"https:\/\/www.san-damian.com\/it\/una-casa-per-tutti-intervista-con-lospite-pamela-di-san-damian\/#primaryimage","url":"https:\/\/www.san-damian.com\/wp-content\/uploads\/2023\/06\/image00005-copy-21.jpg","contentUrl":"https:\/\/www.san-damian.com\/wp-content\/uploads\/2023\/06\/image00005-copy-21.jpg","width":1800,"height":1100},{"@type":"BreadcrumbList","@id":"https:\/\/www.san-damian.com\/it\/una-casa-per-tutti-intervista-con-lospite-pamela-di-san-damian\/#breadcrumb","itemListElement":[{"@type":"ListItem","position":1,"name":"Home","item":"https:\/\/www.san-damian.com\/it\/"},{"@type":"ListItem","position":2,"name":"Una casa per tutti &#8211; Intervista con l&#8217;ospite Pamela di San Damian"}]},{"@type":"WebSite","@id":"https:\/\/www.san-damian.com\/it\/#website","url":"https:\/\/www.san-damian.com\/it\/","name":"San Damian","description":"","potentialAction":[{"@type":"SearchAction","target":{"@type":"EntryPoint","urlTemplate":"https:\/\/www.san-damian.com\/it\/?s={search_term_string}"},"query-input":{"@type":"PropertyValueSpecification","valueRequired":true,"valueName":"search_term_string"}}],"inLanguage":"it-IT"},{"@type":"Person","@id":"https:\/\/www.san-damian.com\/it\/#\/schema\/person\/2f5b8e600a360f682ecd5ffdc2049022","name":"admin.san-damian.1","image":{"@type":"ImageObject","inLanguage":"it-IT","@id":"https:\/\/www.san-damian.com\/it\/#\/schema\/person\/image\/","url":"https:\/\/secure.gravatar.com\/avatar\/499c3008c9e56445256487f6dfe00a362c4fd9911690861603900e97da385fff?s=96&d=mm&r=g","contentUrl":"https:\/\/secure.gravatar.com\/avatar\/499c3008c9e56445256487f6dfe00a362c4fd9911690861603900e97da385fff?s=96&d=mm&r=g","caption":"admin.san-damian.1"},"url":"https:\/\/www.san-damian.com\/it\/author\/admin-san-damian-1\/"}]}},"_links":{"self":[{"href":"https:\/\/www.san-damian.com\/it\/wp-json\/wp\/v2\/posts\/4330","targetHints":{"allow":["GET"]}}],"collection":[{"href":"https:\/\/www.san-damian.com\/it\/wp-json\/wp\/v2\/posts"}],"about":[{"href":"https:\/\/www.san-damian.com\/it\/wp-json\/wp\/v2\/types\/post"}],"author":[{"embeddable":true,"href":"https:\/\/www.san-damian.com\/it\/wp-json\/wp\/v2\/users\/2"}],"replies":[{"embeddable":true,"href":"https:\/\/www.san-damian.com\/it\/wp-json\/wp\/v2\/comments?post=4330"}],"version-history":[{"count":9,"href":"https:\/\/www.san-damian.com\/it\/wp-json\/wp\/v2\/posts\/4330\/revisions"}],"predecessor-version":[{"id":4384,"href":"https:\/\/www.san-damian.com\/it\/wp-json\/wp\/v2\/posts\/4330\/revisions\/4384"}],"wp:featuredmedia":[{"embeddable":true,"href":"https:\/\/www.san-damian.com\/it\/wp-json\/wp\/v2\/media\/4359"}],"wp:attachment":[{"href":"https:\/\/www.san-damian.com\/it\/wp-json\/wp\/v2\/media?parent=4330"}],"wp:term":[{"taxonomy":"category","embeddable":true,"href":"https:\/\/www.san-damian.com\/it\/wp-json\/wp\/v2\/categories?post=4330"},{"taxonomy":"post_tag","embeddable":true,"href":"https:\/\/www.san-damian.com\/it\/wp-json\/wp\/v2\/tags?post=4330"}],"curies":[{"name":"wp","href":"https:\/\/api.w.org\/{rel}","templated":true}]}}